{"id":15694,"date":"2023-01-19T13:48:36","date_gmt":"2023-01-19T12:48:36","guid":{"rendered":"https:\/\/agora.xtec.cat\/ceipreixac\/?p=15694"},"modified":"2023-01-19T15:30:49","modified_gmt":"2023-01-19T14:30:49","slug":"compartim-moments-de-joc","status":"publish","type":"post","link":"https:\/\/agora.xtec.cat\/ceipreixac\/portada\/compartim-moments-de-joc\/","title":{"rendered":"COMPARTIM MOMENTS DE JOC"},"content":{"rendered":"<p style=\"text-align: justify;\">El segon trimestre al Cicle Mitj\u00e0 ha arribat carregat de regals! Hem treballat tant que el primer dia d&#8217;escola despr\u00e9s de Nadal ens hem trobat a les classes un munt de jocs per compartir i aprendre.<\/p>\n<p style=\"text-align: justify;\">Per aquest motiu, hem passat una tarda jugant i descobrint les noves joguines, jocs i trencaclosques: el d\u00f2mino, el dobble, el catan, el qui \u00e9s qui?, un puzzle de l&#8217;espai i un altre d&#8217;animals&#8230; Ha estat molt divertit compartir moments l\u00fadics amb els companys i companyes de classe.<\/p>\n<p style=\"text-align: justify;\">A m\u00e9s, hem pogut portar i ensenyar a l&#8217;escola un dels regals que els Reis o el Pare Noel ha deixat a casa.<\/p>\n<p style=\"text-align: justify;\">Ha estat la millor tarda de la setmana!<\/p>\n<p><img loading=\"lazy\" decoding=\"async\" class=\"aligncenter wp-image-15697\" src=\"https:\/\/agora.xtec.cat\/ceipreixac\/wp-content\/uploads\/usu1230\/2023\/01\/IMG20230113151436-1-1-1024x768.jpg\" alt=\"\" width=\"394\" height=\"295\" srcset=\"https:\/\/agora.xtec.cat\/ceipreixac\/wp-content\/uploads\/usu1230\/2023\/01\/IMG20230113151436-1-1-1024x768.jpg 1024w, https:\/\/agora.xtec.cat\/ceipreixac\/wp-content\/uploads\/usu1230\/2023\/01\/IMG20230113151436-1-1-300x225.jpg 300w, https:\/\/agora.xtec.cat\/ceipreixac\/wp-content\/uploads\/usu1230\/2023\/01\/IMG20230113151436-1-1-768x576.jpg 768w, https:\/\/agora.xtec.cat\/ceipreixac\/wp-content\/uploads\/usu1230\/2023\/01\/IMG20230113151436-1-1-1536x1152.jpg 1536w, https:\/\/agora.xtec.cat\/ceipreixac\/wp-content\/uploads\/usu1230\/2023\/01\/IMG20230113151436-1-1-2048x1536.jpg 2048w, https:\/\/agora.xtec.cat\/ceipreixac\/wp-content\/uploads\/usu1230\/2023\/01\/IMG20230113151436-1-1-200x150.jpg 200w\" sizes=\"auto, (max-width: 394px) 100vw, 394px\" \/><\/p>\n<p><a href=\"https:\/\/drive.google.com\/drive\/folders\/1E5ViM04NoFlZrglrj8bCpUloVX1XEvzq?usp=share_link\">Aqu\u00ed teniu una petita mostra d&#8217;aquesta estona tan entretinguda!<\/a><\/p>\n<p>&nbsp;<\/p>\n","protected":false},"excerpt":{"rendered":"<p>Ens aturem per jugar tot compartint&#8230;&hellip;  <a href=\"https:\/\/agora.xtec.cat\/ceipreixac\/portada\/compartim-moments-de-joc\/\" title=\"Read COMPARTIM MOMENTS DE JOC\">Llegeix m\u00e9s\u00bb<\/a><\/p>\n","protected":false},"author":9,"featured_media":15696,"comment_status":"open","ping_status":"closed","sticky":false,"template":"","format":"standard","meta":{"_bbp_topic_count":0,"_bbp_reply_count":0,"_bbp_total_topic_count":0,"_bbp_total_reply_count":0,"_bbp_voice_count":0,"_bbp_anonymous_reply_count":0,"_bbp_topic_count_hidden":0,"_bbp_reply_count_hidden":0,"_bbp_forum_subforum_count":0,"footnotes":""},"categories":[61,71,1],"tags":[185,151,230],"class_list":["post-15694","post","type-post","status-publish","format-standard","has-post-thumbnail","hentry","category-cicle-mitja","category-general","category-portada","tag-cicle-mitja","tag-jocs","tag-nadal"],"post_mailing_queue_ids":[],"_links":{"self":[{"href":"https:\/\/agora.xtec.cat\/ceipreixac\/wp-json\/wp\/v2\/posts\/15694","targetHints":{"allow":["GET"]}}],"collection":[{"href":"https:\/\/agora.xtec.cat\/ceipreixac\/wp-json\/wp\/v2\/posts"}],"about":[{"href":"https:\/\/agora.xtec.cat\/ceipreixac\/wp-json\/wp\/v2\/types\/post"}],"author":[{"embeddable":true,"href":"https:\/\/agora.xtec.cat\/ceipreixac\/wp-json\/wp\/v2\/users\/9"}],"replies":[{"embeddable":true,"href":"https:\/\/agora.xtec.cat\/ceipreixac\/wp-json\/wp\/v2\/comments?post=15694"}],"version-history":[{"count":3,"href":"https:\/\/agora.xtec.cat\/ceipreixac\/wp-json\/wp\/v2\/posts\/15694\/revisions"}],"predecessor-version":[{"id":15702,"href":"https:\/\/agora.xtec.cat\/ceipreixac\/wp-json\/wp\/v2\/posts\/15694\/revisions\/15702"}],"wp:featuredmedia":[{"embeddable":true,"href":"https:\/\/agora.xtec.cat\/ceipreixac\/wp-json\/wp\/v2\/media\/15696"}],"wp:attachment":[{"href":"https:\/\/agora.xtec.cat\/ceipreixac\/wp-json\/wp\/v2\/media?parent=15694"}],"wp:term":[{"taxonomy":"category","embeddable":true,"href":"https:\/\/agora.xtec.cat\/ceipreixac\/wp-json\/wp\/v2\/categories?post=15694"},{"taxonomy":"post_tag","embeddable":true,"href":"https:\/\/agora.xtec.cat\/ceipreixac\/wp-json\/wp\/v2\/tags?post=15694"}],"curies":[{"name":"wp","href":"https:\/\/api.w.org\/{rel}","templated":true}]}}