{"id":15506,"date":"2022-11-14T16:06:44","date_gmt":"2022-11-14T15:06:44","guid":{"rendered":"https:\/\/agora.xtec.cat\/ceipreixac\/?p=15506"},"modified":"2022-11-14T16:07:33","modified_gmt":"2022-11-14T15:07:33","slug":"apadrinament-lector-2","status":"publish","type":"post","link":"https:\/\/agora.xtec.cat\/ceipreixac\/portada\/apadrinament-lector-2\/","title":{"rendered":"APADRINAMENT LECTOR"},"content":{"rendered":"<p style=\"text-align: justify;\">L&#8217;apadrinament aconsegueix convertir la lectura en un moment molt especial. Descobrir qu\u00e8 ens diuen els llibres, desxifrar les paraules que s&#8217;hi amaguen, entendre els relats, con\u00e8ixer als protagonistes resulta com una mena de miracle per als m\u00e9s petits, fer-ho acompanyants dels seus padrins encara ho fa m\u00e9s especial. Els grans, despleguen tota la seva tendresa i s\u2019esmercen en lluir davant dels fillols, paren m\u00e9s atenci\u00f3 a la lectura i s&#8217;esforcen en con\u00e8ixer el significat de totes les paraules.<\/p>\n<p style=\"text-align: justify;\">Aquest curs s\u00ed, aquest curs hem pogut tornar a gaudir de l&#8217;apadrinament i no podem deixar de recon\u00e8ixer la gran v\u00e0lua que tenen les activitats a on redistribu\u00efm la organitzaci\u00f3 cl\u00e0ssica de l&#8217;escola, per inventar-nos nous agrupaments a on grans i petits s&#8217;ajuden, col\u00b7laboren, s&#8217;escolten, intercanvien i tamb\u00e9 riuen, juguen i s&#8217;ho passen d&#8217;all\u00f2 m\u00e9s b\u00e9.<\/p>\n<p style=\"text-align: justify;\">Divendres passat va ser la primera de totes les trobades que esperem poder dur a terme aquest curs. Gr\u00e0cies a tots i a totes per la vostra entrega i col\u00b7laboraci\u00f3. En hi tornarem a trobar!<\/p>\n<p><a href=\"https:\/\/agora.xtec.cat\/ceipreixac\/wp-content\/uploads\/usu1230\/2022\/11\/IMG_6733.heic\"><img loading=\"lazy\" decoding=\"async\" class=\"alignleft size-medium wp-image-15520\" src=\"https:\/\/agora.xtec.cat\/ceipreixac\/wp-content\/uploads\/usu1230\/2022\/11\/IMG_6733.heic\" alt=\"\" width=\"1\" height=\"1\" \/><\/a> <a href=\"https:\/\/drive.google.com\/drive\/folders\/13YvmNQBTDypbtMDQqhLL0tli0z572tRE?usp=share_link\" target=\"_blank\" rel=\"noopener\"><img loading=\"lazy\" decoding=\"async\" class=\"size-medium wp-image-15521 aligncenter\" src=\"https:\/\/agora.xtec.cat\/ceipreixac\/wp-content\/uploads\/usu1230\/2022\/11\/1668179830384-1-225x300.jpg\" alt=\"\" width=\"225\" height=\"300\" srcset=\"https:\/\/agora.xtec.cat\/ceipreixac\/wp-content\/uploads\/usu1230\/2022\/11\/1668179830384-1-225x300.jpg 225w, https:\/\/agora.xtec.cat\/ceipreixac\/wp-content\/uploads\/usu1230\/2022\/11\/1668179830384-1.jpg 756w\" sizes=\"auto, (max-width: 225px) 100vw, 225px\" \/><\/a><\/p>\n","protected":false},"excerpt":{"rendered":"<p>Divendres passat, gaireb\u00e9 tres anys despr\u00e9s, hem pogut recuperar una de les nostres activitats m\u00e9s preuades: l&#8217;apadrinament lector.&hellip;  <a href=\"https:\/\/agora.xtec.cat\/ceipreixac\/portada\/apadrinament-lector-2\/\" title=\"Read APADRINAMENT LECTOR\">Llegeix m\u00e9s\u00bb<\/a><\/p>\n","protected":false},"author":1,"featured_media":15507,"comment_status":"open","ping_status":"closed","sticky":false,"template":"","format":"standard","meta":{"_bbp_topic_count":0,"_bbp_reply_count":0,"_bbp_total_topic_count":0,"_bbp_total_reply_count":0,"_bbp_voice_count":0,"_bbp_anonymous_reply_count":0,"_bbp_topic_count_hidden":0,"_bbp_reply_count_hidden":0,"_bbp_forum_subforum_count":0,"footnotes":""},"categories":[71,1],"tags":[],"class_list":["post-15506","post","type-post","status-publish","format-standard","has-post-thumbnail","hentry","category-general","category-portada"],"post_mailing_queue_ids":[],"_links":{"self":[{"href":"https:\/\/agora.xtec.cat\/ceipreixac\/wp-json\/wp\/v2\/posts\/15506","targetHints":{"allow":["GET"]}}],"collection":[{"href":"https:\/\/agora.xtec.cat\/ceipreixac\/wp-json\/wp\/v2\/posts"}],"about":[{"href":"https:\/\/agora.xtec.cat\/ceipreixac\/wp-json\/wp\/v2\/types\/post"}],"author":[{"embeddable":true,"href":"https:\/\/agora.xtec.cat\/ceipreixac\/wp-json\/wp\/v2\/users\/1"}],"replies":[{"embeddable":true,"href":"https:\/\/agora.xtec.cat\/ceipreixac\/wp-json\/wp\/v2\/comments?post=15506"}],"version-history":[{"count":3,"href":"https:\/\/agora.xtec.cat\/ceipreixac\/wp-json\/wp\/v2\/posts\/15506\/revisions"}],"predecessor-version":[{"id":15526,"href":"https:\/\/agora.xtec.cat\/ceipreixac\/wp-json\/wp\/v2\/posts\/15506\/revisions\/15526"}],"wp:featuredmedia":[{"embeddable":true,"href":"https:\/\/agora.xtec.cat\/ceipreixac\/wp-json\/wp\/v2\/media\/15507"}],"wp:attachment":[{"href":"https:\/\/agora.xtec.cat\/ceipreixac\/wp-json\/wp\/v2\/media?parent=15506"}],"wp:term":[{"taxonomy":"category","embeddable":true,"href":"https:\/\/agora.xtec.cat\/ceipreixac\/wp-json\/wp\/v2\/categories?post=15506"},{"taxonomy":"post_tag","embeddable":true,"href":"https:\/\/agora.xtec.cat\/ceipreixac\/wp-json\/wp\/v2\/tags?post=15506"}],"curies":[{"name":"wp","href":"https:\/\/api.w.org\/{rel}","templated":true}]}}