{"id":15019,"date":"2022-05-26T13:30:43","date_gmt":"2022-05-26T11:30:43","guid":{"rendered":"https:\/\/agora.xtec.cat\/ceipreixac\/?p=15019"},"modified":"2022-06-10T22:29:34","modified_gmt":"2022-06-10T20:29:34","slug":"una-visita-al-museu-reixac","status":"publish","type":"post","link":"https:\/\/agora.xtec.cat\/ceipreixac\/portada\/una-visita-al-museu-reixac\/","title":{"rendered":"UNA VISITA AL MUSEU REIXAC"},"content":{"rendered":"<p>Aquest curs, hem realitzat un projecte pl\u00e0stic conjunt entre Educaci\u00f3 Infantil i Cicle Inicial. Hem posat el nostre cos com a eix del projecte, per\u00f2 l\u2019hem treballat des d\u2019una vessant art\u00edstica. Cada nivell ha triat una manera de presentar-ho als infants, els m\u00e9s petits (P3) d\u2019una manera m\u00e9s globalitzada, fent \u00fas de diferents t\u00e8cniques pl\u00e0stiques on el cos era el protagonista i la resta de cursos (P4, P5 i Cicle Inicial) han partit del treball d\u2019un autor concret. Us ho expliquem a continuaci\u00f3:<\/p>\n<p><strong>Els nens i nenes de P3<\/strong> han pogut descobrir la capacitat expressiva que ofereix el propi cos. Els infants d\u2019Educaci\u00f3 Infantil tenen una gran capacitat d\u2019expressi\u00f3 pl\u00e0stica i la primera eina creativa que fan servir \u00e9s el cos. Partint d\u2019aquesta idea, han pogut gaudir d\u2019activitats de pintura amb mans, peus, el treball de la silueta amb \u00fas de diferents t\u00e8cniques pl\u00e0stiques, del retrat i l\u2019autoretrat&#8230;han jugat a confegir retrats inversemblants, a crear-ne retrats amb materials diversos, a dibuixar-se a si mateixos mirant-se al mirall o a dibuixar als propis companys i companyes de classe. Ha estat un cam\u00ed molt divertit en el qu\u00e8 han sorgit un munt de creacions art\u00edstiques.<\/p>\n<p><a href=\"https:\/\/agora.xtec.cat\/ceipreixac\/wp-content\/uploads\/usu1230\/2022\/05\/IMG_20220523_164917-scaled.jpg\"><img loading=\"lazy\" decoding=\"async\" class=\"wp-image-15021 aligncenter\" src=\"https:\/\/agora.xtec.cat\/ceipreixac\/wp-content\/uploads\/usu1230\/2022\/05\/IMG_20220523_164917-1024x576.jpg\" alt=\"\" width=\"254\" height=\"143\" srcset=\"https:\/\/agora.xtec.cat\/ceipreixac\/wp-content\/uploads\/usu1230\/2022\/05\/IMG_20220523_164917-1024x576.jpg 1024w, https:\/\/agora.xtec.cat\/ceipreixac\/wp-content\/uploads\/usu1230\/2022\/05\/IMG_20220523_164917-300x169.jpg 300w, https:\/\/agora.xtec.cat\/ceipreixac\/wp-content\/uploads\/usu1230\/2022\/05\/IMG_20220523_164917-768x432.jpg 768w, https:\/\/agora.xtec.cat\/ceipreixac\/wp-content\/uploads\/usu1230\/2022\/05\/IMG_20220523_164917-1536x864.jpg 1536w, https:\/\/agora.xtec.cat\/ceipreixac\/wp-content\/uploads\/usu1230\/2022\/05\/IMG_20220523_164917-2048x1152.jpg 2048w\" sizes=\"auto, (max-width: 254px) 100vw, 254px\" \/><\/a><\/p>\n<p><strong>Els nens i nenes de P4<\/strong> s\u2019han endinsat al m\u00f3n de la Frida Kahlo. Han investigat sobre la seva vida i les seves obres. Han fet activitats que els han ajudat a prendre consci\u00e8ncia sobre la seva cara i les seves parts a partir de l&#8217;autoretrat. Han pogut gaudir de la seva creativitat fent unes obres pl\u00e0stiques inspirades en aquesta gran artista i les seves obres. S\u2019ho han passat d\u2019all\u00f2 m\u00e9s b\u00e9 amb aquesta experi\u00e8ncia i ens ha fet molta il.lusi\u00f3 exposar les obres i compartir-les amb vosaltres.<\/p>\n<p style=\"text-align: center;\"><a href=\"https:\/\/agora.xtec.cat\/ceipreixac\/wp-content\/uploads\/usu1230\/2022\/05\/IMG_20220523_164934-1-scaled.jpg\"><img loading=\"lazy\" decoding=\"async\" class=\"aligncenter wp-image-15032\" src=\"https:\/\/agora.xtec.cat\/ceipreixac\/wp-content\/uploads\/usu1230\/2022\/05\/IMG_20220523_164934-1-1024x576.jpg\" alt=\"\" width=\"291\" height=\"164\" srcset=\"https:\/\/agora.xtec.cat\/ceipreixac\/wp-content\/uploads\/usu1230\/2022\/05\/IMG_20220523_164934-1-1024x576.jpg 1024w, https:\/\/agora.xtec.cat\/ceipreixac\/wp-content\/uploads\/usu1230\/2022\/05\/IMG_20220523_164934-1-300x169.jpg 300w, https:\/\/agora.xtec.cat\/ceipreixac\/wp-content\/uploads\/usu1230\/2022\/05\/IMG_20220523_164934-1-768x432.jpg 768w, https:\/\/agora.xtec.cat\/ceipreixac\/wp-content\/uploads\/usu1230\/2022\/05\/IMG_20220523_164934-1-1536x864.jpg 1536w, https:\/\/agora.xtec.cat\/ceipreixac\/wp-content\/uploads\/usu1230\/2022\/05\/IMG_20220523_164934-1-2048x1152.jpg 2048w\" sizes=\"auto, (max-width: 291px) 100vw, 291px\" \/><\/a><\/p>\n<p><strong>Els nens i nenes de P5 <\/strong>han descobert el m\u00f3n de l\u2019artista Herv\u00e9 Tullet. S\u2019han endinsat en el seu m\u00f3n de contes i il\u00b7lustracions i han pogut recrear algunes de les t\u00e8cniques m\u00e9s utilitzades per l\u2019autor. Han pogut fer ditades, pintar amb les mans, fer collages, han recreat algunes de les seves obres m\u00e9s representatives, han descobert els colors primaris i la m\u00e0gia de la barreja de colors, han pogut crear personatges mitjan\u00e7ant figures geom\u00e8triques i fins i tot, han pogut crear un camp de flors, per donar la benvinguda a la primavera.<\/p>\n<p style=\"text-align: center;\"><a href=\"https:\/\/agora.xtec.cat\/ceipreixac\/wp-content\/uploads\/usu1230\/2022\/05\/IMG_20220523_164958-scaled.jpg\"><img loading=\"lazy\" decoding=\"async\" class=\"aligncenter wp-image-15022\" src=\"https:\/\/agora.xtec.cat\/ceipreixac\/wp-content\/uploads\/usu1230\/2022\/05\/IMG_20220523_164958-1024x576.jpg\" alt=\"\" width=\"259\" height=\"146\" srcset=\"https:\/\/agora.xtec.cat\/ceipreixac\/wp-content\/uploads\/usu1230\/2022\/05\/IMG_20220523_164958-1024x576.jpg 1024w, https:\/\/agora.xtec.cat\/ceipreixac\/wp-content\/uploads\/usu1230\/2022\/05\/IMG_20220523_164958-300x169.jpg 300w, https:\/\/agora.xtec.cat\/ceipreixac\/wp-content\/uploads\/usu1230\/2022\/05\/IMG_20220523_164958-768x432.jpg 768w, https:\/\/agora.xtec.cat\/ceipreixac\/wp-content\/uploads\/usu1230\/2022\/05\/IMG_20220523_164958-1536x864.jpg 1536w, https:\/\/agora.xtec.cat\/ceipreixac\/wp-content\/uploads\/usu1230\/2022\/05\/IMG_20220523_164958-2048x1152.jpg 2048w\" sizes=\"auto, (max-width: 259px) 100vw, 259px\" \/><\/a><\/p>\n<p>Els infants de<strong> primer i segon<\/strong> (Cicle Inicial)\u00a0 han conegut l\u2019artista Keith Haring. Els hi ha servit d\u2019inspiraci\u00f3 per fer un munt de treballs art\u00edstics: han fet siluetes pintades, retallades i modelades amb plastilina, han representat el seu moviment amb l\u00ednies i tot ho han fet amb l\u2019ajuda d\u2019una barreja de colors ben alegres.<\/p>\n<p style=\"text-align: center;\"><a href=\"https:\/\/agora.xtec.cat\/ceipreixac\/wp-content\/uploads\/usu1230\/2022\/05\/IMG_20220523_165708-scaled.jpg\"><img loading=\"lazy\" decoding=\"async\" class=\"aligncenter wp-image-15024\" src=\"https:\/\/agora.xtec.cat\/ceipreixac\/wp-content\/uploads\/usu1230\/2022\/05\/IMG_20220523_165708-1024x576.jpg\" alt=\"\" width=\"281\" height=\"158\" srcset=\"https:\/\/agora.xtec.cat\/ceipreixac\/wp-content\/uploads\/usu1230\/2022\/05\/IMG_20220523_165708-1024x576.jpg 1024w, https:\/\/agora.xtec.cat\/ceipreixac\/wp-content\/uploads\/usu1230\/2022\/05\/IMG_20220523_165708-300x169.jpg 300w, https:\/\/agora.xtec.cat\/ceipreixac\/wp-content\/uploads\/usu1230\/2022\/05\/IMG_20220523_165708-768x432.jpg 768w, https:\/\/agora.xtec.cat\/ceipreixac\/wp-content\/uploads\/usu1230\/2022\/05\/IMG_20220523_165708-1536x864.jpg 1536w, https:\/\/agora.xtec.cat\/ceipreixac\/wp-content\/uploads\/usu1230\/2022\/05\/IMG_20220523_165708-2048x1152.jpg 2048w\" sizes=\"auto, (max-width: 281px) 100vw, 281px\" \/><\/a><\/p>\n<p>Ha estat un viatge fascinant que hem pogut compartir amb tots vosaltres. \u00a0Esperem que hagueu gaudit amb la visita tant com nosaltres hem gaudint fent les activitats. I per tots aquells que no heu pogut passar, aqu\u00ed teniu un petit tastet del nostre particular Museu.<\/p>\n<p style=\"text-align: center;\"><a href=\"https:\/\/drive.google.com\/drive\/folders\/1hpHyAtXLU6XsWpddp5b2ewCm41LEiVpu?usp=sharing\" target=\"_blank\" rel=\"noopener\"><img loading=\"lazy\" decoding=\"async\" class=\"aligncenter wp-image-15027\" src=\"https:\/\/agora.xtec.cat\/ceipreixac\/wp-content\/uploads\/usu1230\/2022\/05\/foto-collage-1-1024x1024.jpg\" alt=\"\" width=\"218\" height=\"218\" srcset=\"https:\/\/agora.xtec.cat\/ceipreixac\/wp-content\/uploads\/usu1230\/2022\/05\/foto-collage-1-1024x1024.jpg 1024w, https:\/\/agora.xtec.cat\/ceipreixac\/wp-content\/uploads\/usu1230\/2022\/05\/foto-collage-1-300x300.jpg 300w, https:\/\/agora.xtec.cat\/ceipreixac\/wp-content\/uploads\/usu1230\/2022\/05\/foto-collage-1-150x150.jpg 150w, https:\/\/agora.xtec.cat\/ceipreixac\/wp-content\/uploads\/usu1230\/2022\/05\/foto-collage-1-768x768.jpg 768w, https:\/\/agora.xtec.cat\/ceipreixac\/wp-content\/uploads\/usu1230\/2022\/05\/foto-collage-1-1536x1536.jpg 1536w, https:\/\/agora.xtec.cat\/ceipreixac\/wp-content\/uploads\/usu1230\/2022\/05\/foto-collage-1.jpg 1564w\" sizes=\"auto, (max-width: 218px) 100vw, 218px\" \/><\/a><\/p>\n<p>A continuaci\u00f3, podeu acompanyar-nos a una visita virtual, per si no heu pogut venir!<\/p>\n<p><a href=\"https:\/\/drive.google.com\/file\/d\/1z4rCZkqsLxLTldLMTV--XYdVIruhjsiD\/view?usp=sharing\" target=\"_blank\" rel=\"noopener\"><img loading=\"lazy\" decoding=\"async\" class=\"aligncenter wp-image-15026\" src=\"https:\/\/agora.xtec.cat\/ceipreixac\/wp-content\/uploads\/usu1230\/2022\/05\/VIDEO-1.png\" alt=\"\" width=\"105\" height=\"105\" srcset=\"https:\/\/agora.xtec.cat\/ceipreixac\/wp-content\/uploads\/usu1230\/2022\/05\/VIDEO-1.png 225w, https:\/\/agora.xtec.cat\/ceipreixac\/wp-content\/uploads\/usu1230\/2022\/05\/VIDEO-1-150x150.png 150w\" sizes=\"auto, (max-width: 105px) 100vw, 105px\" \/><\/a><\/p>\n<p>&nbsp;<\/p>\n<p>&nbsp;<\/p>\n<p>&nbsp;<\/p>\n","protected":false},"excerpt":{"rendered":"<p>UNA VISITA AL MUSEU REIXAC&hellip;  <a href=\"https:\/\/agora.xtec.cat\/ceipreixac\/portada\/una-visita-al-museu-reixac\/\" title=\"Read UNA VISITA AL MUSEU REIXAC\">Llegeix m\u00e9s\u00bb<\/a><\/p>\n","protected":false},"author":9,"featured_media":15020,"comment_status":"open","ping_status":"closed","sticky":false,"template":"","format":"standard","meta":{"_bbp_topic_count":0,"_bbp_reply_count":0,"_bbp_total_topic_count":0,"_bbp_total_reply_count":0,"_bbp_voice_count":0,"_bbp_anonymous_reply_count":0,"_bbp_topic_count_hidden":0,"_bbp_reply_count_hidden":0,"_bbp_forum_subforum_count":0,"footnotes":""},"categories":[60,2,1],"tags":[274,17],"class_list":["post-15019","post","type-post","status-publish","format-standard","has-post-thumbnail","hentry","category-cicle-inicial","category-infantil","category-portada","tag-exposicio-projectes","tag-plastica"],"post_mailing_queue_ids":[],"_links":{"self":[{"href":"https:\/\/agora.xtec.cat\/ceipreixac\/wp-json\/wp\/v2\/posts\/15019","targetHints":{"allow":["GET"]}}],"collection":[{"href":"https:\/\/agora.xtec.cat\/ceipreixac\/wp-json\/wp\/v2\/posts"}],"about":[{"href":"https:\/\/agora.xtec.cat\/ceipreixac\/wp-json\/wp\/v2\/types\/post"}],"author":[{"embeddable":true,"href":"https:\/\/agora.xtec.cat\/ceipreixac\/wp-json\/wp\/v2\/users\/9"}],"replies":[{"embeddable":true,"href":"https:\/\/agora.xtec.cat\/ceipreixac\/wp-json\/wp\/v2\/comments?post=15019"}],"version-history":[{"count":3,"href":"https:\/\/agora.xtec.cat\/ceipreixac\/wp-json\/wp\/v2\/posts\/15019\/revisions"}],"predecessor-version":[{"id":15147,"href":"https:\/\/agora.xtec.cat\/ceipreixac\/wp-json\/wp\/v2\/posts\/15019\/revisions\/15147"}],"wp:featuredmedia":[{"embeddable":true,"href":"https:\/\/agora.xtec.cat\/ceipreixac\/wp-json\/wp\/v2\/media\/15020"}],"wp:attachment":[{"href":"https:\/\/agora.xtec.cat\/ceipreixac\/wp-json\/wp\/v2\/media?parent=15019"}],"wp:term":[{"taxonomy":"category","embeddable":true,"href":"https:\/\/agora.xtec.cat\/ceipreixac\/wp-json\/wp\/v2\/categories?post=15019"},{"taxonomy":"post_tag","embeddable":true,"href":"https:\/\/agora.xtec.cat\/ceipreixac\/wp-json\/wp\/v2\/tags?post=15019"}],"curies":[{"name":"wp","href":"https:\/\/api.w.org\/{rel}","templated":true}]}}