{"id":14723,"date":"2022-02-16T13:20:27","date_gmt":"2022-02-16T12:20:27","guid":{"rendered":"https:\/\/agora.xtec.cat\/ceipreixac\/?p=14723"},"modified":"2022-02-16T13:20:27","modified_gmt":"2022-02-16T12:20:27","slug":"campanya-delegats-i-delegades-de-1r","status":"publish","type":"post","link":"https:\/\/agora.xtec.cat\/ceipreixac\/portada\/campanya-delegats-i-delegades-de-1r\/","title":{"rendered":"CAMPANYA DELEGATS I DELEGADES DE 1r"},"content":{"rendered":"<p>Ara que el curs ja ha avan\u00e7at i els alumnes de primer comencen a con\u00e8ixer una mica millor les din\u00e0miques de l&#8217;etapa, hem celebrat l&#8217;elecci\u00f3 del representants de les classes. Els nervis, l&#8217;emoci\u00f3, la incertesa i tamb\u00e9 la il.lusi\u00f3 han estat presents durant tota la campanya. Una tasca que, a m\u00e9s a m\u00e9s, i sobretot, ens ha perm\u00e8s treballar la import\u00e0ncia de la pertinen\u00e7a a l&#8217;equip, l&#8217;esfor\u00e7 ali\u00e8 i tamb\u00e9 el propi, tot i l&#8217;exercici d&#8217;autoconeixement que, de ben segur, els nodreix ja per a properes ocasions.<\/p>\n<p>Aprofitem aquest espai per felicitar a tots els alumnes, per encoratjar-los a que ho tornin a internar m\u00e9s endavant i, per suposat, un agra\u00efment molt especial a totes les fam\u00edlies per l&#8217;evident suport i ajuda que els hi heu fet des de casa. El representants seleccionats democr\u00e0ticament, han obtingut el reconeixement dels votants, tots ells, sense distinci\u00f3, tenen el nostre.<\/p>\n<p>Us deixem algunes imatges de les candidatures. FELICITATS ALS 51!<\/p>\n<p><a href=\"https:\/\/drive.google.com\/drive\/folders\/1dMXYt1eSZVtRWbWIsDQynVXmL4FbJYWe?usp=sharing\" target=\"_blank\" rel=\"noopener\"><img loading=\"lazy\" decoding=\"async\" class=\"size-medium wp-image-14743 aligncenter\" src=\"https:\/\/agora.xtec.cat\/ceipreixac\/wp-content\/uploads\/usu1230\/2022\/02\/IMG_1961-300x225.jpg\" alt=\"\" width=\"300\" height=\"225\" srcset=\"https:\/\/agora.xtec.cat\/ceipreixac\/wp-content\/uploads\/usu1230\/2022\/02\/IMG_1961-300x225.jpg 300w, https:\/\/agora.xtec.cat\/ceipreixac\/wp-content\/uploads\/usu1230\/2022\/02\/IMG_1961-768x576.jpg 768w, https:\/\/agora.xtec.cat\/ceipreixac\/wp-content\/uploads\/usu1230\/2022\/02\/IMG_1961-200x150.jpg 200w, https:\/\/agora.xtec.cat\/ceipreixac\/wp-content\/uploads\/usu1230\/2022\/02\/IMG_1961.jpg 1008w\" sizes=\"auto, (max-width: 300px) 100vw, 300px\" \/><\/a><\/p>\n<p>&nbsp;<\/p>\n","protected":false},"excerpt":{"rendered":"<p>Les classes de primer ja han triat als seus representants.&hellip;  <a href=\"https:\/\/agora.xtec.cat\/ceipreixac\/portada\/campanya-delegats-i-delegades-de-1r\/\" title=\"Read CAMPANYA DELEGATS I DELEGADES DE 1r\">Llegeix m\u00e9s\u00bb<\/a><\/p>\n","protected":false},"author":1,"featured_media":14743,"comment_status":"open","ping_status":"closed","sticky":false,"template":"","format":"standard","meta":{"_bbp_topic_count":0,"_bbp_reply_count":0,"_bbp_total_topic_count":0,"_bbp_total_reply_count":0,"_bbp_voice_count":0,"_bbp_anonymous_reply_count":0,"_bbp_topic_count_hidden":0,"_bbp_reply_count_hidden":0,"_bbp_forum_subforum_count":0,"footnotes":""},"categories":[60,1],"tags":[155],"class_list":["post-14723","post","type-post","status-publish","format-standard","has-post-thumbnail","hentry","category-cicle-inicial","category-portada","tag-delegats-des"],"post_mailing_queue_ids":[],"_links":{"self":[{"href":"https:\/\/agora.xtec.cat\/ceipreixac\/wp-json\/wp\/v2\/posts\/14723","targetHints":{"allow":["GET"]}}],"collection":[{"href":"https:\/\/agora.xtec.cat\/ceipreixac\/wp-json\/wp\/v2\/posts"}],"about":[{"href":"https:\/\/agora.xtec.cat\/ceipreixac\/wp-json\/wp\/v2\/types\/post"}],"author":[{"embeddable":true,"href":"https:\/\/agora.xtec.cat\/ceipreixac\/wp-json\/wp\/v2\/users\/1"}],"replies":[{"embeddable":true,"href":"https:\/\/agora.xtec.cat\/ceipreixac\/wp-json\/wp\/v2\/comments?post=14723"}],"version-history":[{"count":3,"href":"https:\/\/agora.xtec.cat\/ceipreixac\/wp-json\/wp\/v2\/posts\/14723\/revisions"}],"predecessor-version":[{"id":14746,"href":"https:\/\/agora.xtec.cat\/ceipreixac\/wp-json\/wp\/v2\/posts\/14723\/revisions\/14746"}],"wp:featuredmedia":[{"embeddable":true,"href":"https:\/\/agora.xtec.cat\/ceipreixac\/wp-json\/wp\/v2\/media\/14743"}],"wp:attachment":[{"href":"https:\/\/agora.xtec.cat\/ceipreixac\/wp-json\/wp\/v2\/media?parent=14723"}],"wp:term":[{"taxonomy":"category","embeddable":true,"href":"https:\/\/agora.xtec.cat\/ceipreixac\/wp-json\/wp\/v2\/categories?post=14723"},{"taxonomy":"post_tag","embeddable":true,"href":"https:\/\/agora.xtec.cat\/ceipreixac\/wp-json\/wp\/v2\/tags?post=14723"}],"curies":[{"name":"wp","href":"https:\/\/api.w.org\/{rel}","templated":true}]}}