{"id":14662,"date":"2022-03-03T18:38:05","date_gmt":"2022-03-03T17:38:05","guid":{"rendered":"https:\/\/agora.xtec.cat\/ceipreixac\/?p=14662"},"modified":"2022-03-10T22:20:09","modified_gmt":"2022-03-10T21:20:09","slug":"cinques-sortida-a-la-biblioteca-font-de-saviesa","status":"publish","type":"post","link":"https:\/\/agora.xtec.cat\/ceipreixac\/portada\/cinques-sortida-a-la-biblioteca-font-de-saviesa\/","title":{"rendered":"CINQU\u00c8: SORTIDA A LA BIBLIOTECA, FONT DE SAVIESA."},"content":{"rendered":"<p>Siguis o no siguis un aficionat de la literatura, la biblioteca Elisenda de Montcada ens ha robat el cor!.<\/p>\n<p>Frases com aquestes han omplert\u00a0 els comentaris dels nois i les noies<\/p>\n<ul>\n<li>No te l&#8217;has de perdre per res del m\u00f3n!<\/li>\n<li>Hem descobert moltes coses, tenen llibres de tot tipus.<\/li>\n<li>Ens poden aconseguir llibres.<\/li>\n<li>\u00c9s genial que ens puguin prestar tantes coses.<\/li>\n<\/ul>\n<p>Passadissos plens de fileres de llibres, llumenetes acollidores i molt de silenci, nom\u00e9s trencat per el passar de les p\u00e0gines. Fins i tot, pot semblar un lloc quasi m\u00e0gic.<\/p>\n<p>A m\u00e9s hem apr\u00e9s com aventurar-nos en aquest fant\u00e0stic indret, com buscar el que necessitem, com utilitzar els ordinadors en les nostres cerques i qu\u00e8 signifiquen aquestes lletretes misterioses que tenen els llibres i que semblen petits enigmes<\/p>\n<p>Perqu\u00e8 qualsevol excusa \u00e9s bona per viatjar i perqu\u00e8 un bon llibre \u00e9s una bona manera de comen\u00e7ar una aventura.<\/p>\n<p>Continua llegint i agafa&#8217;t de la m\u00e0 dels nens i nen<a href=\"https:\/\/agora.xtec.cat\/ceipreixac\/wp-content\/uploads\/usu1230\/2022\/02\/biblio.jpg\"><img loading=\"lazy\" decoding=\"async\" class=\"wp-image-14804 alignleft\" src=\"https:\/\/agora.xtec.cat\/ceipreixac\/wp-content\/uploads\/usu1230\/2022\/02\/biblio.jpg\" alt=\"\" width=\"230\" height=\"228\" srcset=\"https:\/\/agora.xtec.cat\/ceipreixac\/wp-content\/uploads\/usu1230\/2022\/02\/biblio.jpg 411w, https:\/\/agora.xtec.cat\/ceipreixac\/wp-content\/uploads\/usu1230\/2022\/02\/biblio-300x297.jpg 300w, https:\/\/agora.xtec.cat\/ceipreixac\/wp-content\/uploads\/usu1230\/2022\/02\/biblio-150x150.jpg 150w\" sizes=\"auto, (max-width: 230px) 100vw, 230px\" \/><\/a>es de cinqu\u00e8, cap els temples de la literatura&#8230;, per quina comen\u00e7aries tu?<\/p>\n<p>&nbsp;<\/p>\n<p>&nbsp;<\/p>\n<p>Gr\u00e0cies @bibsmir!<\/p>\n<p><a href=\"https:\/\/drive.google.com\/drive\/folders\/1-RnXG-q2f3cQQzw-c6Mi6DoxeKVbtM3J?usp=sharing\">Clica aqu\u00ed i mira que b\u00e9 que ens ho vam passar!<\/a><\/p>\n","protected":false},"excerpt":{"rendered":"<p>Continua llegint i agafa&#8217;t de la m\u00e0 dels nens i nenes de cinqu\u00e8, cap els temples de la literatura&#8230;, per quina comen\u00e7aries tu?&hellip;  <a href=\"https:\/\/agora.xtec.cat\/ceipreixac\/portada\/cinques-sortida-a-la-biblioteca-font-de-saviesa\/\" title=\"Read CINQU\u00c8: SORTIDA A LA BIBLIOTECA, FONT DE SAVIESA.\">Llegeix m\u00e9s\u00bb<\/a><\/p>\n","protected":false},"author":9,"featured_media":14804,"comment_status":"open","ping_status":"closed","sticky":false,"template":"","format":"standard","meta":{"_bbp_topic_count":0,"_bbp_reply_count":0,"_bbp_total_topic_count":0,"_bbp_total_reply_count":0,"_bbp_voice_count":0,"_bbp_anonymous_reply_count":0,"_bbp_topic_count_hidden":0,"_bbp_reply_count_hidden":0,"_bbp_forum_subforum_count":0,"footnotes":""},"categories":[62,71,1],"tags":[111,86,122],"class_list":["post-14662","post","type-post","status-publish","format-standard","has-post-thumbnail","hentry","category-cicle-superior","category-general","category-portada","tag-animacio-lectora","tag-biblioteca","tag-cicle-superior"],"post_mailing_queue_ids":[],"_links":{"self":[{"href":"https:\/\/agora.xtec.cat\/ceipreixac\/wp-json\/wp\/v2\/posts\/14662","targetHints":{"allow":["GET"]}}],"collection":[{"href":"https:\/\/agora.xtec.cat\/ceipreixac\/wp-json\/wp\/v2\/posts"}],"about":[{"href":"https:\/\/agora.xtec.cat\/ceipreixac\/wp-json\/wp\/v2\/types\/post"}],"author":[{"embeddable":true,"href":"https:\/\/agora.xtec.cat\/ceipreixac\/wp-json\/wp\/v2\/users\/9"}],"replies":[{"embeddable":true,"href":"https:\/\/agora.xtec.cat\/ceipreixac\/wp-json\/wp\/v2\/comments?post=14662"}],"version-history":[{"count":4,"href":"https:\/\/agora.xtec.cat\/ceipreixac\/wp-json\/wp\/v2\/posts\/14662\/revisions"}],"predecessor-version":[{"id":14835,"href":"https:\/\/agora.xtec.cat\/ceipreixac\/wp-json\/wp\/v2\/posts\/14662\/revisions\/14835"}],"wp:featuredmedia":[{"embeddable":true,"href":"https:\/\/agora.xtec.cat\/ceipreixac\/wp-json\/wp\/v2\/media\/14804"}],"wp:attachment":[{"href":"https:\/\/agora.xtec.cat\/ceipreixac\/wp-json\/wp\/v2\/media?parent=14662"}],"wp:term":[{"taxonomy":"category","embeddable":true,"href":"https:\/\/agora.xtec.cat\/ceipreixac\/wp-json\/wp\/v2\/categories?post=14662"},{"taxonomy":"post_tag","embeddable":true,"href":"https:\/\/agora.xtec.cat\/ceipreixac\/wp-json\/wp\/v2\/tags?post=14662"}],"curies":[{"name":"wp","href":"https:\/\/api.w.org\/{rel}","templated":true}]}}