{"id":14616,"date":"2022-01-25T15:45:29","date_gmt":"2022-01-25T14:45:29","guid":{"rendered":"https:\/\/agora.xtec.cat\/ceipreixac\/?p=14616"},"modified":"2022-02-10T21:05:59","modified_gmt":"2022-02-10T20:05:59","slug":"frases-fetes-en-la-llengua-materna","status":"publish","type":"post","link":"https:\/\/agora.xtec.cat\/ceipreixac\/portada\/frases-fetes-en-la-llengua-materna\/","title":{"rendered":"FRASES FETES EN LLENGUA MATERNA"},"content":{"rendered":"<p style=\"text-align: justify;\">Com sabeu, el dia 21 de febrer es commemora <strong>el Dia Internacional de la Llengua Materna<\/strong>. Des de ja fa temps, sempre ens ha agradat destacar aquesta celebraci\u00f3 i mirem d&#8217;organitzar alguna ac<a href=\"https:\/\/agora.xtec.cat\/ceipreixac\/wp-content\/uploads\/usu1230\/2022\/01\/1643121319484.jpg\"><img loading=\"lazy\" decoding=\"async\" class=\"size-medium wp-image-14619 alignright\" src=\"https:\/\/agora.xtec.cat\/ceipreixac\/wp-content\/uploads\/usu1230\/2022\/01\/1643121319484-244x300.jpg\" alt=\"\" width=\"244\" height=\"300\" srcset=\"https:\/\/agora.xtec.cat\/ceipreixac\/wp-content\/uploads\/usu1230\/2022\/01\/1643121319484-244x300.jpg 244w, https:\/\/agora.xtec.cat\/ceipreixac\/wp-content\/uploads\/usu1230\/2022\/01\/1643121319484.jpg 500w\" sizes=\"auto, (max-width: 244px) 100vw, 244px\" \/><\/a>tivitat al seu voltant. Aquest curs, us portem una nova proposta que ens arriba des del <em>Pla Educatiu d&#8217;Entorn<\/em>. En aquest cas, liderat per la Biblioteca de l&#8217;escola i en col\u00b7laboraci\u00f3 amb l&#8217;Aula d&#8217;Acollida del centre, volem fer un recull de frases fetes que utilitzeu habitualment, en la vostra llengua materna. Aquesta experi\u00e8ncia ens permetr\u00e0 compartir, intercanviar i posar en valor totes les lleng\u00fces i dialectes que hi ha a l&#8217;escola que ho sabem, s\u00f3n molts.<\/p>\n<p style=\"text-align: justify;\">Podeu ajudar als vostres fills i filles en la seva transcripci\u00f3. La participaci\u00f3 \u00e9s molt senzilla i tan sols pel fet de fer-ho, la biblioteca de l&#8217;escola rebr\u00e0 un lot de llibres de tem\u00e0tica intercultural. A l&#8217;<a href=\"https:\/\/drive.google.com\/file\/d\/1PxJi5o5n5pznVHzYvmpv7YlGFq0VYAKU\/view?usp=sharing\" target=\"_blank\" rel=\"noopener\">arxiu adjunt<\/a> us deixem les bases de participaci\u00f3. Tamb\u00e9 us facilitem una <a href=\"https:\/\/drive.google.com\/file\/d\/1vynKlLbdhUa6goi_3hq0YkZIsca6jaLv\/view?usp=sharing\" target=\"_blank\" rel=\"noopener\">mostra a tall d&#8217;exemple<\/a>. El termini finalitza el proper <strong><span style=\"text-decoration: underline;\">dijous dia 4 de febrer.<\/span><\/strong> Poseu fil a l&#8217;agulla?<\/p>\n<p>&nbsp;<\/p>\n<p style=\"text-align: justify;\">\n","protected":false},"excerpt":{"rendered":"<p>Us proposem un recull de frases fetes per commemorar el DILM:AMPLIEM EL TERMINI FINS AL DIMECRES DIA 9!!! &hellip;  <a href=\"https:\/\/agora.xtec.cat\/ceipreixac\/portada\/frases-fetes-en-la-llengua-materna\/\" title=\"Read FRASES FETES EN LLENGUA MATERNA\">Llegeix m\u00e9s\u00bb<\/a><\/p>\n","protected":false},"author":1,"featured_media":14619,"comment_status":"open","ping_status":"closed","sticky":false,"template":"","format":"standard","meta":{"_bbp_topic_count":0,"_bbp_reply_count":0,"_bbp_total_topic_count":0,"_bbp_total_reply_count":0,"_bbp_voice_count":0,"_bbp_anonymous_reply_count":0,"_bbp_topic_count_hidden":0,"_bbp_reply_count_hidden":0,"_bbp_forum_subforum_count":0,"footnotes":""},"categories":[71,1],"tags":[241,86,301,257],"class_list":["post-14616","post","type-post","status-publish","format-standard","has-post-thumbnail","hentry","category-general","category-portada","tag-aula-acollida","tag-biblioteca","tag-dia-internacional-de-la-llengua-materna","tag-pla-educatiu-dentorn"],"post_mailing_queue_ids":[],"_links":{"self":[{"href":"https:\/\/agora.xtec.cat\/ceipreixac\/wp-json\/wp\/v2\/posts\/14616","targetHints":{"allow":["GET"]}}],"collection":[{"href":"https:\/\/agora.xtec.cat\/ceipreixac\/wp-json\/wp\/v2\/posts"}],"about":[{"href":"https:\/\/agora.xtec.cat\/ceipreixac\/wp-json\/wp\/v2\/types\/post"}],"author":[{"embeddable":true,"href":"https:\/\/agora.xtec.cat\/ceipreixac\/wp-json\/wp\/v2\/users\/1"}],"replies":[{"embeddable":true,"href":"https:\/\/agora.xtec.cat\/ceipreixac\/wp-json\/wp\/v2\/comments?post=14616"}],"version-history":[{"count":3,"href":"https:\/\/agora.xtec.cat\/ceipreixac\/wp-json\/wp\/v2\/posts\/14616\/revisions"}],"predecessor-version":[{"id":14648,"href":"https:\/\/agora.xtec.cat\/ceipreixac\/wp-json\/wp\/v2\/posts\/14616\/revisions\/14648"}],"wp:featuredmedia":[{"embeddable":true,"href":"https:\/\/agora.xtec.cat\/ceipreixac\/wp-json\/wp\/v2\/media\/14619"}],"wp:attachment":[{"href":"https:\/\/agora.xtec.cat\/ceipreixac\/wp-json\/wp\/v2\/media?parent=14616"}],"wp:term":[{"taxonomy":"category","embeddable":true,"href":"https:\/\/agora.xtec.cat\/ceipreixac\/wp-json\/wp\/v2\/categories?post=14616"},{"taxonomy":"post_tag","embeddable":true,"href":"https:\/\/agora.xtec.cat\/ceipreixac\/wp-json\/wp\/v2\/tags?post=14616"}],"curies":[{"name":"wp","href":"https:\/\/api.w.org\/{rel}","templated":true}]}}