{"id":14581,"date":"2021-12-22T19:57:40","date_gmt":"2021-12-22T18:57:40","guid":{"rendered":"https:\/\/agora.xtec.cat\/ceipreixac\/?p=14581"},"modified":"2021-12-22T20:05:53","modified_gmt":"2021-12-22T19:05:53","slug":"visita-del-patge-reial","status":"publish","type":"post","link":"https:\/\/agora.xtec.cat\/ceipreixac\/portada\/visita-del-patge-reial\/","title":{"rendered":"VISITA DEL PATGE REIAL"},"content":{"rendered":"<p>Ahir a la tarda, el patge reial, acompanyat pel seu ajudant, van visitar l&#8217;escola. Malgrat i el fred, la rebuda va ser d&#8217;all\u00f2 m\u00e9s c\u00e0lida i afectuosa. Els grups m\u00e9s petits del centre, i tamb\u00e9 als alumnes de sis\u00e8 van portar els seus desitjos a Sa Majestat. Tota una feina de lectoescriptura per als principiants i tot un exercici de valors \u00e8tics per als m\u00e9s grans. Les joguines van ser presents a les cartes, i tant, per\u00f2 tamb\u00e9 desitjos com ar<a href=\"https:\/\/drive.google.com\/drive\/folders\/1SQvYvps-gFz-TZn0b5_NtKdvUGRQCbd7?usp=sharing\" target=\"_blank\" rel=\"noopener\"><img loading=\"lazy\" decoding=\"async\" class=\"size-medium wp-image-14586 alignright\" src=\"https:\/\/agora.xtec.cat\/ceipreixac\/wp-content\/uploads\/usu1230\/2021\/12\/1-1-300x225.jpg\" alt=\"\" width=\"300\" height=\"225\" srcset=\"https:\/\/agora.xtec.cat\/ceipreixac\/wp-content\/uploads\/usu1230\/2021\/12\/1-1-300x225.jpg 300w, https:\/\/agora.xtec.cat\/ceipreixac\/wp-content\/uploads\/usu1230\/2021\/12\/1-1-1024x768.jpg 1024w, https:\/\/agora.xtec.cat\/ceipreixac\/wp-content\/uploads\/usu1230\/2021\/12\/1-1-768x576.jpg 768w, https:\/\/agora.xtec.cat\/ceipreixac\/wp-content\/uploads\/usu1230\/2021\/12\/1-1-1536x1152.jpg 1536w, https:\/\/agora.xtec.cat\/ceipreixac\/wp-content\/uploads\/usu1230\/2021\/12\/1-1-2048x1536.jpg 2048w, https:\/\/agora.xtec.cat\/ceipreixac\/wp-content\/uploads\/usu1230\/2021\/12\/1-1-200x150.jpg 200w\" sizes=\"auto, (max-width: 300px) 100vw, 300px\" \/><\/a>a la fi de la pand\u00e8mia, la pau al m\u00f3n i d&#8217;altres m\u00e9s propers, com la salut dels nostres avis i persones m\u00e9s grans.<\/p>\n<p>A m\u00e9s a m\u00e9s, el <a href=\"https:\/\/drive.google.com\/file\/d\/1bpymbDUS4bmLcs_Mne9E5vNEDFDH_3Sk\/view?usp=sharing\" target=\"_blank\" rel=\"noopener\">patge reial, tamb\u00e9 va tenir unes paraules per als grups i infants que esteu confinats a casa.<\/a> I els tutors es van encarregar de fer-li arribar tots els vostres anhels.<\/p>\n<p>Sabem que els reis s\u00f3n m\u00e0gics i, que sovint, ens concedeixen all\u00f2 que demanem. Nosaltres, amb tornar a trobar-nos al gener tots plegats, ja ens donarem m\u00e9s que per satisfets.<\/p>\n<p>BON NADAL FAM\u00cdLIES I QUE ELS VOSTRES DESITJOS ES FACIN REALITAT O SI M\u00c9S NO, QUE MAI PERDEU LA CAPACITAT DE SEGUIR SOMNIANT!<\/p>\n<p>&nbsp;<\/p>\n","protected":false},"excerpt":{"rendered":"<p>Les cartes del Reixac, plenes de desitjos ja viatgen cap a Orient.&hellip;  <a href=\"https:\/\/agora.xtec.cat\/ceipreixac\/portada\/visita-del-patge-reial\/\" title=\"Read VISITA DEL PATGE REIAL\">Llegeix m\u00e9s\u00bb<\/a><\/p>\n","protected":false},"author":1,"featured_media":14587,"comment_status":"open","ping_status":"closed","sticky":false,"template":"","format":"standard","meta":{"_bbp_topic_count":0,"_bbp_reply_count":0,"_bbp_total_topic_count":0,"_bbp_total_reply_count":0,"_bbp_voice_count":0,"_bbp_anonymous_reply_count":0,"_bbp_topic_count_hidden":0,"_bbp_reply_count_hidden":0,"_bbp_forum_subforum_count":0,"footnotes":""},"categories":[62,71,2,1],"tags":[101,173],"class_list":["post-14581","post","type-post","status-publish","format-standard","has-post-thumbnail","hentry","category-cicle-superior","category-general","category-infantil","category-portada","tag-festa-de-nadal","tag-patge-reial"],"post_mailing_queue_ids":[],"_links":{"self":[{"href":"https:\/\/agora.xtec.cat\/ceipreixac\/wp-json\/wp\/v2\/posts\/14581","targetHints":{"allow":["GET"]}}],"collection":[{"href":"https:\/\/agora.xtec.cat\/ceipreixac\/wp-json\/wp\/v2\/posts"}],"about":[{"href":"https:\/\/agora.xtec.cat\/ceipreixac\/wp-json\/wp\/v2\/types\/post"}],"author":[{"embeddable":true,"href":"https:\/\/agora.xtec.cat\/ceipreixac\/wp-json\/wp\/v2\/users\/1"}],"replies":[{"embeddable":true,"href":"https:\/\/agora.xtec.cat\/ceipreixac\/wp-json\/wp\/v2\/comments?post=14581"}],"version-history":[{"count":2,"href":"https:\/\/agora.xtec.cat\/ceipreixac\/wp-json\/wp\/v2\/posts\/14581\/revisions"}],"predecessor-version":[{"id":14590,"href":"https:\/\/agora.xtec.cat\/ceipreixac\/wp-json\/wp\/v2\/posts\/14581\/revisions\/14590"}],"wp:featuredmedia":[{"embeddable":true,"href":"https:\/\/agora.xtec.cat\/ceipreixac\/wp-json\/wp\/v2\/media\/14587"}],"wp:attachment":[{"href":"https:\/\/agora.xtec.cat\/ceipreixac\/wp-json\/wp\/v2\/media?parent=14581"}],"wp:term":[{"taxonomy":"category","embeddable":true,"href":"https:\/\/agora.xtec.cat\/ceipreixac\/wp-json\/wp\/v2\/categories?post=14581"},{"taxonomy":"post_tag","embeddable":true,"href":"https:\/\/agora.xtec.cat\/ceipreixac\/wp-json\/wp\/v2\/tags?post=14581"}],"curies":[{"name":"wp","href":"https:\/\/api.w.org\/{rel}","templated":true}]}}