{"id":14548,"date":"2021-12-17T16:52:31","date_gmt":"2021-12-17T15:52:31","guid":{"rendered":"https:\/\/agora.xtec.cat\/ceipreixac\/?p=14548"},"modified":"2021-12-17T16:52:31","modified_gmt":"2021-12-17T15:52:31","slug":"museu-de-les-matematiques-2","status":"publish","type":"post","link":"https:\/\/agora.xtec.cat\/ceipreixac\/portada\/museu-de-les-matematiques-2\/","title":{"rendered":"MUSEU DE LES MATEM\u00c0TIQUES"},"content":{"rendered":"<p>El divendres 10 de desembre, els nens i nenes de 2n, van apropar-se una mica m\u00e9s a les matem\u00e0tiques gr\u00e0cies al <strong>MMACA<\/strong>, el Museu de les Matem\u00e0tiques de Catalunya.<\/p>\n<p>A trav\u00e9s d\u2019experi\u00e8ncies interactives i manipulatives, els infants van jugar i gaudir de les activitats que van portar a l\u2019escola. A part de passar-s\u2019ho molt b\u00e9, van poder treballar l\u2019aprenentatge competencial i la resoluci\u00f3 de problemes aix\u00ed com reptes adaptats al seu nivell i edat.<\/p>\n<p>Si doneu un cop d\u2019ull a la seva web, podreu veure que a part de les activitats que fan a les escoles, el <strong>MMACA<\/strong> t\u00e9 una exposici\u00f3 permanent al Palau Mercader de Cornell\u00e0 de Llobregat, plena d\u2019experi\u00e8ncies molt recomanables.<\/p>\n<p><a href=\"https:\/\/agora.xtec.cat\/ceipreixac\/wp-content\/uploads\/usu1230\/2021\/12\/IMG_1024.jpg\"><img loading=\"lazy\" decoding=\"async\" class=\"alignnone wp-image-14551\" src=\"https:\/\/agora.xtec.cat\/ceipreixac\/wp-content\/uploads\/usu1230\/2021\/12\/IMG_1024.jpg\" alt=\"\" width=\"290\" height=\"387\" srcset=\"https:\/\/agora.xtec.cat\/ceipreixac\/wp-content\/uploads\/usu1230\/2021\/12\/IMG_1024.jpg 480w, https:\/\/agora.xtec.cat\/ceipreixac\/wp-content\/uploads\/usu1230\/2021\/12\/IMG_1024-225x300.jpg 225w\" sizes=\"auto, (max-width: 290px) 100vw, 290px\" \/><\/a><\/p>\n<p>Si feu click <a href=\"https:\/\/drive.google.com\/drive\/folders\/1DnCQItyrElQrCRm3qihXET-4H09gRNBm?usp=sharing\">aqui<\/a>, podreu veure alguns dels moments que varen viure.<\/p>\n","protected":false},"excerpt":{"rendered":"<p>Els nens\/es de segon hem fet tallers de mates manipulatives..&hellip;  <a href=\"https:\/\/agora.xtec.cat\/ceipreixac\/portada\/museu-de-les-matematiques-2\/\" title=\"Read MUSEU DE LES MATEM\u00c0TIQUES\">Llegeix m\u00e9s\u00bb<\/a><\/p>\n","protected":false},"author":9,"featured_media":14552,"comment_status":"open","ping_status":"closed","sticky":false,"template":"","format":"standard","meta":{"_bbp_topic_count":0,"_bbp_reply_count":0,"_bbp_total_topic_count":0,"_bbp_total_reply_count":0,"_bbp_voice_count":0,"_bbp_anonymous_reply_count":0,"_bbp_topic_count_hidden":0,"_bbp_reply_count_hidden":0,"_bbp_forum_subforum_count":0,"footnotes":""},"categories":[60,1],"tags":[169,73,299],"class_list":["post-14548","post","type-post","status-publish","format-standard","has-post-thumbnail","hentry","category-cicle-inicial","category-portada","tag-cicle-inicial","tag-matematiques","tag-segon"],"post_mailing_queue_ids":[],"_links":{"self":[{"href":"https:\/\/agora.xtec.cat\/ceipreixac\/wp-json\/wp\/v2\/posts\/14548","targetHints":{"allow":["GET"]}}],"collection":[{"href":"https:\/\/agora.xtec.cat\/ceipreixac\/wp-json\/wp\/v2\/posts"}],"about":[{"href":"https:\/\/agora.xtec.cat\/ceipreixac\/wp-json\/wp\/v2\/types\/post"}],"author":[{"embeddable":true,"href":"https:\/\/agora.xtec.cat\/ceipreixac\/wp-json\/wp\/v2\/users\/9"}],"replies":[{"embeddable":true,"href":"https:\/\/agora.xtec.cat\/ceipreixac\/wp-json\/wp\/v2\/comments?post=14548"}],"version-history":[{"count":3,"href":"https:\/\/agora.xtec.cat\/ceipreixac\/wp-json\/wp\/v2\/posts\/14548\/revisions"}],"predecessor-version":[{"id":14554,"href":"https:\/\/agora.xtec.cat\/ceipreixac\/wp-json\/wp\/v2\/posts\/14548\/revisions\/14554"}],"wp:featuredmedia":[{"embeddable":true,"href":"https:\/\/agora.xtec.cat\/ceipreixac\/wp-json\/wp\/v2\/media\/14552"}],"wp:attachment":[{"href":"https:\/\/agora.xtec.cat\/ceipreixac\/wp-json\/wp\/v2\/media?parent=14548"}],"wp:term":[{"taxonomy":"category","embeddable":true,"href":"https:\/\/agora.xtec.cat\/ceipreixac\/wp-json\/wp\/v2\/categories?post=14548"},{"taxonomy":"post_tag","embeddable":true,"href":"https:\/\/agora.xtec.cat\/ceipreixac\/wp-json\/wp\/v2\/tags?post=14548"}],"curies":[{"name":"wp","href":"https:\/\/api.w.org\/{rel}","templated":true}]}}