{"id":14535,"date":"2021-12-17T13:43:43","date_gmt":"2021-12-17T12:43:43","guid":{"rendered":"https:\/\/agora.xtec.cat\/ceipreixac\/?p=14535"},"modified":"2021-12-17T13:43:43","modified_gmt":"2021-12-17T12:43:43","slug":"una-sessio-de-psicomotricitat-amb-robes","status":"publish","type":"post","link":"https:\/\/agora.xtec.cat\/ceipreixac\/portada\/una-sessio-de-psicomotricitat-amb-robes\/","title":{"rendered":"UNA SESSI\u00d3 DE PSICOMOTRICITAT AMB ROBES"},"content":{"rendered":"<p>Ja sabeu que ens encanta fer psicomotricitat! \u00c9s per aix\u00f2 que us volem ensenyar la sessi\u00f3 que hem fet aquesta setmana, ja que era una mica diferent al que hem fet fins ara.<\/p>\n<p>La Sandra ens va fer una proposta amb robes i cordes que va donar molt de si: vam poder fer cabanes, vam amagar-nos sota les taules, disfressar-nos de pirates, representar el conte dels tres porquets, fer de dracs amb foc de roba i un gran etc\u00e8tera.<\/p>\n<p>Si voleu veure les fotos de la sessi\u00f3, us convidem a clicar la imatge:<\/p>\n<p style=\"text-align: center\"><a href=\"https:\/\/drive.google.com\/drive\/folders\/1_Ww0VLt5T9h66gozsolbvsuCF9b2uZmI?usp=sharing\" target=\"_blank\" rel=\"noopener\"><img loading=\"lazy\" decoding=\"async\" class=\"alignnone  wp-image-14537\" src=\"https:\/\/agora.xtec.cat\/ceipreixac\/wp-content\/uploads\/usu1230\/2021\/12\/ROBA-TAPA-1024x576.jpg\" alt=\"\" width=\"443\" height=\"249\" srcset=\"https:\/\/agora.xtec.cat\/ceipreixac\/wp-content\/uploads\/usu1230\/2021\/12\/ROBA-TAPA-1024x576.jpg 1024w, https:\/\/agora.xtec.cat\/ceipreixac\/wp-content\/uploads\/usu1230\/2021\/12\/ROBA-TAPA-300x169.jpg 300w, https:\/\/agora.xtec.cat\/ceipreixac\/wp-content\/uploads\/usu1230\/2021\/12\/ROBA-TAPA-768x432.jpg 768w, https:\/\/agora.xtec.cat\/ceipreixac\/wp-content\/uploads\/usu1230\/2021\/12\/ROBA-TAPA-1536x864.jpg 1536w, https:\/\/agora.xtec.cat\/ceipreixac\/wp-content\/uploads\/usu1230\/2021\/12\/ROBA-TAPA-2048x1152.jpg 2048w\" sizes=\"auto, (max-width: 443px) 100vw, 443px\" \/><\/a><\/p>\n<p>&nbsp;<\/p>\n<p>&nbsp;<\/p>\n<p>&nbsp;<\/p>\n","protected":false},"excerpt":{"rendered":"<p>UNA SESSI\u00d3 DE PSICOMOTRICITAT AMB ROBES&hellip;  <a href=\"https:\/\/agora.xtec.cat\/ceipreixac\/portada\/una-sessio-de-psicomotricitat-amb-robes\/\" title=\"Read UNA SESSI\u00d3 DE PSICOMOTRICITAT AMB ROBES\">Llegeix m\u00e9s\u00bb<\/a><\/p>\n","protected":false},"author":9,"featured_media":14539,"comment_status":"open","ping_status":"closed","sticky":false,"template":"","format":"standard","meta":{"_bbp_topic_count":0,"_bbp_reply_count":0,"_bbp_total_topic_count":0,"_bbp_total_reply_count":0,"_bbp_voice_count":0,"_bbp_anonymous_reply_count":0,"_bbp_topic_count_hidden":0,"_bbp_reply_count_hidden":0,"_bbp_forum_subforum_count":0,"footnotes":""},"categories":[2,1],"tags":[18],"class_list":["post-14535","post","type-post","status-publish","format-standard","has-post-thumbnail","hentry","category-infantil","category-portada","tag-psicomotricitat"],"post_mailing_queue_ids":[],"_links":{"self":[{"href":"https:\/\/agora.xtec.cat\/ceipreixac\/wp-json\/wp\/v2\/posts\/14535","targetHints":{"allow":["GET"]}}],"collection":[{"href":"https:\/\/agora.xtec.cat\/ceipreixac\/wp-json\/wp\/v2\/posts"}],"about":[{"href":"https:\/\/agora.xtec.cat\/ceipreixac\/wp-json\/wp\/v2\/types\/post"}],"author":[{"embeddable":true,"href":"https:\/\/agora.xtec.cat\/ceipreixac\/wp-json\/wp\/v2\/users\/9"}],"replies":[{"embeddable":true,"href":"https:\/\/agora.xtec.cat\/ceipreixac\/wp-json\/wp\/v2\/comments?post=14535"}],"version-history":[{"count":2,"href":"https:\/\/agora.xtec.cat\/ceipreixac\/wp-json\/wp\/v2\/posts\/14535\/revisions"}],"predecessor-version":[{"id":14540,"href":"https:\/\/agora.xtec.cat\/ceipreixac\/wp-json\/wp\/v2\/posts\/14535\/revisions\/14540"}],"wp:featuredmedia":[{"embeddable":true,"href":"https:\/\/agora.xtec.cat\/ceipreixac\/wp-json\/wp\/v2\/media\/14539"}],"wp:attachment":[{"href":"https:\/\/agora.xtec.cat\/ceipreixac\/wp-json\/wp\/v2\/media?parent=14535"}],"wp:term":[{"taxonomy":"category","embeddable":true,"href":"https:\/\/agora.xtec.cat\/ceipreixac\/wp-json\/wp\/v2\/categories?post=14535"},{"taxonomy":"post_tag","embeddable":true,"href":"https:\/\/agora.xtec.cat\/ceipreixac\/wp-json\/wp\/v2\/tags?post=14535"}],"curies":[{"name":"wp","href":"https:\/\/api.w.org\/{rel}","templated":true}]}}