{"id":14486,"date":"2021-12-03T13:28:48","date_gmt":"2021-12-03T12:28:48","guid":{"rendered":"https:\/\/agora.xtec.cat\/ceipreixac\/?p=14486"},"modified":"2021-12-03T13:28:48","modified_gmt":"2021-12-03T12:28:48","slug":"petites-grans-accions-per-a-un-mon-mes-sostenible","status":"publish","type":"post","link":"https:\/\/agora.xtec.cat\/ceipreixac\/portada\/petites-grans-accions-per-a-un-mon-mes-sostenible\/","title":{"rendered":"PETITES GRANS ACCIONS PER A UN M\u00d3N M\u00c9S SOSTENIBLE."},"content":{"rendered":"<p>Avui el nostre amic i educador Jordi Faus ha vingut a l&#8217;escola a oferir-nos un taller sobre consum sostenible i responsable a les aules de 6\u00e8.<\/p>\n<p>No ens cansem d&#8217;escoltar els seus consells i d&#8217;aprendre amb ell a estimar la nostra natura, a ser emp\u00e0tics, no nom\u00e9s amb els nostres amics, sin\u00f3 amb qualsevol \u00e9sser viu, per petit que sigui. Ens ha encoratjat tamb\u00e9 a comprar amb m\u00e9s seny, sabent que la millor her\u00e8ncia que podem deixar \u00e9s la cura del nostre planeta.<\/p>\n<p>Recollir un pl\u00e0stic del terra, tancar l&#8217;aixeta, adoptar una mascota, portar l&#8217;aigua en cantimplora i l&#8217;esmorzar en carmanyola, comprar en botigues de proximitat, reciclar i reduir residus, anar amb la nostra bossa al s\u00faper, vestir-nos de segona m\u00e0 o comprar ous respectuosos amb les mares gallines, s\u00f3n\u00a0 un munt de petits gestos, que al final fan una gran suma.<\/p>\n<p>Aquests han estat nom\u00e9s una petita mostra dels que hem treballat, compartit i posat en com\u00fa entre tots avui, i que sens dubte ens ajudaran a un construir un m\u00f3n millor. Ha estat tan interessant que se&#8217;ns ha quedat curt. Haur\u00edem estat xerrant hores sobre el tema!<\/p>\n<p>Acabarem amb un dels seus aforismes <strong>&#8220;el coneixement \u00e9s poder&#8221;<\/strong> : ara que ja sabem que, com a consumidors, tenim el poder de triar certes accions, posem-nos mans a l&#8217;obra!<\/p>\n<p>Gr\u00e0cies Jordi!<\/p>\n","protected":false},"excerpt":{"rendered":"<p>El futur del planeta \u00e9s a les nostres mans.&hellip;  <a href=\"https:\/\/agora.xtec.cat\/ceipreixac\/portada\/petites-grans-accions-per-a-un-mon-mes-sostenible\/\" title=\"Read PETITES GRANS ACCIONS PER A UN M\u00d3N M\u00c9S SOSTENIBLE.\">Llegeix m\u00e9s\u00bb<\/a><\/p>\n","protected":false},"author":8,"featured_media":14490,"comment_status":"open","ping_status":"closed","sticky":false,"template":"","format":"standard","meta":{"_bbp_topic_count":0,"_bbp_reply_count":0,"_bbp_total_topic_count":0,"_bbp_total_reply_count":0,"_bbp_voice_count":0,"_bbp_anonymous_reply_count":0,"_bbp_topic_count_hidden":0,"_bbp_reply_count_hidden":0,"_bbp_forum_subforum_count":0,"footnotes":""},"categories":[62,71,1],"tags":[59,122,98,114],"class_list":["post-14486","post","type-post","status-publish","format-standard","has-post-thumbnail","hentry","category-cicle-superior","category-general","category-portada","tag-activitats-destacades","tag-cicle-superior","tag-educacio-en-valors","tag-projectes"],"post_mailing_queue_ids":[],"_links":{"self":[{"href":"https:\/\/agora.xtec.cat\/ceipreixac\/wp-json\/wp\/v2\/posts\/14486","targetHints":{"allow":["GET"]}}],"collection":[{"href":"https:\/\/agora.xtec.cat\/ceipreixac\/wp-json\/wp\/v2\/posts"}],"about":[{"href":"https:\/\/agora.xtec.cat\/ceipreixac\/wp-json\/wp\/v2\/types\/post"}],"author":[{"embeddable":true,"href":"https:\/\/agora.xtec.cat\/ceipreixac\/wp-json\/wp\/v2\/users\/8"}],"replies":[{"embeddable":true,"href":"https:\/\/agora.xtec.cat\/ceipreixac\/wp-json\/wp\/v2\/comments?post=14486"}],"version-history":[{"count":3,"href":"https:\/\/agora.xtec.cat\/ceipreixac\/wp-json\/wp\/v2\/posts\/14486\/revisions"}],"predecessor-version":[{"id":14492,"href":"https:\/\/agora.xtec.cat\/ceipreixac\/wp-json\/wp\/v2\/posts\/14486\/revisions\/14492"}],"wp:featuredmedia":[{"embeddable":true,"href":"https:\/\/agora.xtec.cat\/ceipreixac\/wp-json\/wp\/v2\/media\/14490"}],"wp:attachment":[{"href":"https:\/\/agora.xtec.cat\/ceipreixac\/wp-json\/wp\/v2\/media?parent=14486"}],"wp:term":[{"taxonomy":"category","embeddable":true,"href":"https:\/\/agora.xtec.cat\/ceipreixac\/wp-json\/wp\/v2\/categories?post=14486"},{"taxonomy":"post_tag","embeddable":true,"href":"https:\/\/agora.xtec.cat\/ceipreixac\/wp-json\/wp\/v2\/tags?post=14486"}],"curies":[{"name":"wp","href":"https:\/\/api.w.org\/{rel}","templated":true}]}}