{"id":14443,"date":"2021-11-25T16:03:56","date_gmt":"2021-11-25T15:03:56","guid":{"rendered":"https:\/\/agora.xtec.cat\/ceipreixac\/?p=14443"},"modified":"2021-11-25T16:03:56","modified_gmt":"2021-11-25T15:03:56","slug":"pintar-amb-musica","status":"publish","type":"post","link":"https:\/\/agora.xtec.cat\/ceipreixac\/portada\/pintar-amb-musica\/","title":{"rendered":"PINTAR AMB M\u00daSICA"},"content":{"rendered":"<p>Aquests dies de pluja, a P3 ens ha vingut molt de gust fer una activitat pl\u00e0stica acompanyada de m\u00fasica. I \u00e9s que la m\u00fasica ens ajuda a crear i ens relaxa creant un ambient tranquil a la classe, mentre fora cau la pluja.<\/p>\n<p>Aquest cop hem posat la classe cap per avall, aix\u00ed literalment! Hem capgirat les taules i hi hem afegit un llen\u00e7 transparent que ens ha agradat molt&#8230;No us expliquem m\u00e9s, les imatges parlen per si soles&#8230;<\/p>\n<p style=\"text-align: center\"><a href=\"https:\/\/drive.google.com\/drive\/folders\/1x_IadjC9-zmO24P5ia-E1n0rbrVEi9Si?usp=sharing\" target=\"_blank\" rel=\"noopener\"><img loading=\"lazy\" decoding=\"async\" class=\"alignnone  wp-image-14444\" src=\"https:\/\/agora.xtec.cat\/ceipreixac\/wp-content\/uploads\/usu1230\/2021\/11\/IMG_20211123_152012-1024x576.jpg\" alt=\"\" width=\"448\" height=\"252\" srcset=\"https:\/\/agora.xtec.cat\/ceipreixac\/wp-content\/uploads\/usu1230\/2021\/11\/IMG_20211123_152012-1024x576.jpg 1024w, https:\/\/agora.xtec.cat\/ceipreixac\/wp-content\/uploads\/usu1230\/2021\/11\/IMG_20211123_152012-300x169.jpg 300w, https:\/\/agora.xtec.cat\/ceipreixac\/wp-content\/uploads\/usu1230\/2021\/11\/IMG_20211123_152012-768x432.jpg 768w, https:\/\/agora.xtec.cat\/ceipreixac\/wp-content\/uploads\/usu1230\/2021\/11\/IMG_20211123_152012-1536x864.jpg 1536w, https:\/\/agora.xtec.cat\/ceipreixac\/wp-content\/uploads\/usu1230\/2021\/11\/IMG_20211123_152012-2048x1152.jpg 2048w\" sizes=\"auto, (max-width: 448px) 100vw, 448px\" \/><\/a><\/p>\n<p>&nbsp;<\/p>\n","protected":false},"excerpt":{"rendered":"<p>PINTURA EN DIES DE PLUJA&hellip;  <a href=\"https:\/\/agora.xtec.cat\/ceipreixac\/portada\/pintar-amb-musica\/\" title=\"Read PINTAR AMB M\u00daSICA\">Llegeix m\u00e9s\u00bb<\/a><\/p>\n","protected":false},"author":9,"featured_media":14444,"comment_status":"open","ping_status":"closed","sticky":false,"template":"","format":"standard","meta":{"_bbp_topic_count":0,"_bbp_reply_count":0,"_bbp_total_topic_count":0,"_bbp_total_reply_count":0,"_bbp_voice_count":0,"_bbp_anonymous_reply_count":0,"_bbp_topic_count_hidden":0,"_bbp_reply_count_hidden":0,"_bbp_forum_subforum_count":0,"footnotes":""},"categories":[2,1],"tags":[17],"class_list":["post-14443","post","type-post","status-publish","format-standard","has-post-thumbnail","hentry","category-infantil","category-portada","tag-plastica"],"post_mailing_queue_ids":[],"_links":{"self":[{"href":"https:\/\/agora.xtec.cat\/ceipreixac\/wp-json\/wp\/v2\/posts\/14443","targetHints":{"allow":["GET"]}}],"collection":[{"href":"https:\/\/agora.xtec.cat\/ceipreixac\/wp-json\/wp\/v2\/posts"}],"about":[{"href":"https:\/\/agora.xtec.cat\/ceipreixac\/wp-json\/wp\/v2\/types\/post"}],"author":[{"embeddable":true,"href":"https:\/\/agora.xtec.cat\/ceipreixac\/wp-json\/wp\/v2\/users\/9"}],"replies":[{"embeddable":true,"href":"https:\/\/agora.xtec.cat\/ceipreixac\/wp-json\/wp\/v2\/comments?post=14443"}],"version-history":[{"count":1,"href":"https:\/\/agora.xtec.cat\/ceipreixac\/wp-json\/wp\/v2\/posts\/14443\/revisions"}],"predecessor-version":[{"id":14445,"href":"https:\/\/agora.xtec.cat\/ceipreixac\/wp-json\/wp\/v2\/posts\/14443\/revisions\/14445"}],"wp:featuredmedia":[{"embeddable":true,"href":"https:\/\/agora.xtec.cat\/ceipreixac\/wp-json\/wp\/v2\/media\/14444"}],"wp:attachment":[{"href":"https:\/\/agora.xtec.cat\/ceipreixac\/wp-json\/wp\/v2\/media?parent=14443"}],"wp:term":[{"taxonomy":"category","embeddable":true,"href":"https:\/\/agora.xtec.cat\/ceipreixac\/wp-json\/wp\/v2\/categories?post=14443"},{"taxonomy":"post_tag","embeddable":true,"href":"https:\/\/agora.xtec.cat\/ceipreixac\/wp-json\/wp\/v2\/tags?post=14443"}],"curies":[{"name":"wp","href":"https:\/\/api.w.org\/{rel}","templated":true}]}}