{"id":14431,"date":"2021-11-23T13:31:54","date_gmt":"2021-11-23T12:31:54","guid":{"rendered":"https:\/\/agora.xtec.cat\/ceipreixac\/?p=14431"},"modified":"2021-11-23T13:31:54","modified_gmt":"2021-11-23T12:31:54","slug":"distintiu-biblioteca-escolar-reiniciembe","status":"publish","type":"post","link":"https:\/\/agora.xtec.cat\/ceipreixac\/portada\/distintiu-biblioteca-escolar-reiniciembe\/","title":{"rendered":"DISTINTIU BIBLIOTECA ESCOLAR: #reiniciemBE"},"content":{"rendered":"<p>Ens complau fer-vos part\u00edcips del distintiu que des del Programa de Biblioteques Escolars de Catalunya <em>puntedu<\/em>, han atorgat a la biblioteca escolar del centre: #reiniciemBE.<\/p>\n<p>\u00c9s un reconeixement <a href=\"https:\/\/ca.padlet.com\/a8888029\/7mukclpbh2vp6cdo\" target=\"_blank\" rel=\"noopener\"><img loading=\"lazy\" decoding=\"async\" class=\"size-medium wp-image-14432 alignright\" src=\"https:\/\/agora.xtec.cat\/ceipreixac\/wp-content\/uploads\/usu1230\/2021\/11\/segell_reiniciem-300x300.png\" alt=\"\" width=\"300\" height=\"300\" srcset=\"https:\/\/agora.xtec.cat\/ceipreixac\/wp-content\/uploads\/usu1230\/2021\/11\/segell_reiniciem-300x300.png 300w, https:\/\/agora.xtec.cat\/ceipreixac\/wp-content\/uploads\/usu1230\/2021\/11\/segell_reiniciem-150x150.png 150w, https:\/\/agora.xtec.cat\/ceipreixac\/wp-content\/uploads\/usu1230\/2021\/11\/segell_reiniciem.png 500w\" sizes=\"auto, (max-width: 300px) 100vw, 300px\" \/><\/a>a aquelles biblioteques que, malgrat i la situaci\u00f3 de pand\u00e8mia que encara afecta al funcionament habitual de les escoles, han ideat propostes per tal de reiniciar la seva posada en marxa.<\/p>\n<p>En el nostre cas, hem destacat la proposta &#8220;<a href=\"https:\/\/agora.xtec.cat\/ceipreixac\/portada\/sala-de-lectura-terrorifica\/\" target=\"_blank\" rel=\"noopener\">Sala de lectura terror\u00edfica<\/a>&#8221; que, com ja sabeu, va suposar tot un \u00e8xit de participaci\u00f3 al voltant de la castanyada.<\/p>\n<p>Un est\u00edmul m\u00e9s per continuar proposant-vos nous reptes i est\u00edmuls al voltant dels llibres.<\/p>\n<p>Si cliqueu a sobre del distintiu, veureu la nostra experi\u00e8ncia destacada, juntament amb la d&#8217;altres centres participants.<\/p>\n<p>GR\u00c0CIES I FELICITATS A TOTS. L&#8217;\u00c8XIT SEMPRE \u00c9S COMPARTIT!<\/p>\n<p>&nbsp;<\/p>\n","protected":false},"excerpt":{"rendered":"<p>Si ara fa dos anys, ens atorgaven el reconeixement a #bibliotecaactiva, malgrat i el confinament domiciliari, ara ens concedeixen el #reiniciemBE.&hellip;  <a href=\"https:\/\/agora.xtec.cat\/ceipreixac\/portada\/distintiu-biblioteca-escolar-reiniciembe\/\" title=\"Read DISTINTIU BIBLIOTECA ESCOLAR: #reiniciemBE\">Llegeix m\u00e9s\u00bb<\/a><\/p>\n","protected":false},"author":1,"featured_media":14432,"comment_status":"open","ping_status":"closed","sticky":false,"template":"","format":"standard","meta":{"_bbp_topic_count":0,"_bbp_reply_count":0,"_bbp_total_topic_count":0,"_bbp_total_reply_count":0,"_bbp_voice_count":0,"_bbp_anonymous_reply_count":0,"_bbp_topic_count_hidden":0,"_bbp_reply_count_hidden":0,"_bbp_forum_subforum_count":0,"footnotes":""},"categories":[71,1],"tags":[86,100],"class_list":["post-14431","post","type-post","status-publish","format-standard","has-post-thumbnail","hentry","category-general","category-portada","tag-biblioteca","tag-reconeixements-i-premis"],"post_mailing_queue_ids":[],"_links":{"self":[{"href":"https:\/\/agora.xtec.cat\/ceipreixac\/wp-json\/wp\/v2\/posts\/14431","targetHints":{"allow":["GET"]}}],"collection":[{"href":"https:\/\/agora.xtec.cat\/ceipreixac\/wp-json\/wp\/v2\/posts"}],"about":[{"href":"https:\/\/agora.xtec.cat\/ceipreixac\/wp-json\/wp\/v2\/types\/post"}],"author":[{"embeddable":true,"href":"https:\/\/agora.xtec.cat\/ceipreixac\/wp-json\/wp\/v2\/users\/1"}],"replies":[{"embeddable":true,"href":"https:\/\/agora.xtec.cat\/ceipreixac\/wp-json\/wp\/v2\/comments?post=14431"}],"version-history":[{"count":3,"href":"https:\/\/agora.xtec.cat\/ceipreixac\/wp-json\/wp\/v2\/posts\/14431\/revisions"}],"predecessor-version":[{"id":14435,"href":"https:\/\/agora.xtec.cat\/ceipreixac\/wp-json\/wp\/v2\/posts\/14431\/revisions\/14435"}],"wp:featuredmedia":[{"embeddable":true,"href":"https:\/\/agora.xtec.cat\/ceipreixac\/wp-json\/wp\/v2\/media\/14432"}],"wp:attachment":[{"href":"https:\/\/agora.xtec.cat\/ceipreixac\/wp-json\/wp\/v2\/media?parent=14431"}],"wp:term":[{"taxonomy":"category","embeddable":true,"href":"https:\/\/agora.xtec.cat\/ceipreixac\/wp-json\/wp\/v2\/categories?post=14431"},{"taxonomy":"post_tag","embeddable":true,"href":"https:\/\/agora.xtec.cat\/ceipreixac\/wp-json\/wp\/v2\/tags?post=14431"}],"curies":[{"name":"wp","href":"https:\/\/api.w.org\/{rel}","templated":true}]}}