{"id":14120,"date":"2021-06-21T21:48:57","date_gmt":"2021-06-21T19:48:57","guid":{"rendered":"http:\/\/agora.xtec.cat\/ceipreixac\/?p=14120"},"modified":"2021-06-21T21:48:57","modified_gmt":"2021-06-21T19:48:57","slug":"4t-visita-un-hort-de-mas-duran","status":"publish","type":"post","link":"https:\/\/agora.xtec.cat\/ceipreixac\/portada\/4t-visita-un-hort-de-mas-duran\/","title":{"rendered":"4t VISITA UN HORT DE MAS DURAN"},"content":{"rendered":"<p><span style=\"font-weight: 400\">Aquest any, com a novetat, hem incorporat la visita a l\u2019Hort de Mas Duran. Al llarg d\u2019aquestes \u00faltimes tres setmanes, les classes de 4t A, 4t B i 4t C, van gaudir d\u2019aquesta sortida.\u00a0<\/span><\/p>\n<p><span style=\"font-weight: 400\">Est\u00e0 pensada perqu\u00e8 els infants puguin veure de primera m\u00e0 el creixement i les diferents estacions i temporalitats dels diferents productes que trobaran al mercat.\u00a0<\/span><\/p>\n<p><span style=\"font-weight: 400\">Aix\u00ed doncs, all\u00e0 vam poder veure moltes plantes i hortalisses: bledes, enciams, cols, faves, carxofes, etc., vam aprendre quines s\u00f3n les hortalisses i verdures que podem plantar a la primavera. \u00a0Tamb\u00e9 vam poder veure un munt de plantes arom\u00e0tiques i les vam tastar, vam recon\u00e8ixer algunes llavors i vam poder plantar i regar verdures amb les nostres pr\u00f2pies mans.<\/span><\/p>\n<p><span style=\"font-weight: 400\">Pensem que la sortida va ser molt divertida i productiva, ja que vam poder descobrir d\u2019on surten les verdures que ens mengem cada dia.\u00a0<\/span><\/p>\n<p>Si cliqueu a la seg\u00fcent imatge, gaudireu d&#8217;un recull de les millors instant\u00e0nies de l&#8217;activitat.<\/p>\n<p><a href=\"https:\/\/photos.app.goo.gl\/jtpRqyNarYpyHVq5A\" target=\"_blank\" rel=\"noopener noreferrer\"><img loading=\"lazy\" decoding=\"async\" class=\"aligncenter wp-image-14121 size-full\" src=\"https:\/\/agora.xtec.cat\/ceipreixac\/wp-content\/uploads\/usu1230\/2021\/06\/collage-2.png\" alt=\"\" width=\"1378\" height=\"358\" srcset=\"https:\/\/agora.xtec.cat\/ceipreixac\/wp-content\/uploads\/usu1230\/2021\/06\/collage-2.png 1378w, https:\/\/agora.xtec.cat\/ceipreixac\/wp-content\/uploads\/usu1230\/2021\/06\/collage-2-300x78.png 300w, https:\/\/agora.xtec.cat\/ceipreixac\/wp-content\/uploads\/usu1230\/2021\/06\/collage-2-768x200.png 768w, https:\/\/agora.xtec.cat\/ceipreixac\/wp-content\/uploads\/usu1230\/2021\/06\/collage-2-1024x266.png 1024w\" sizes=\"auto, (max-width: 1378px) 100vw, 1378px\" \/><\/a><\/p>\n<p>&nbsp;<\/p>\n","protected":false},"excerpt":{"rendered":"<p>Els nens i nenes de 4t van fer de pagesos i de pageses durant una estona!&hellip;  <a href=\"https:\/\/agora.xtec.cat\/ceipreixac\/portada\/4t-visita-un-hort-de-mas-duran\/\" title=\"Read 4t VISITA UN HORT DE MAS DURAN\">Llegeix m\u00e9s\u00bb<\/a><\/p>\n","protected":false},"author":7,"featured_media":14121,"comment_status":"open","ping_status":"closed","sticky":false,"template":"","format":"standard","meta":{"_bbp_topic_count":0,"_bbp_reply_count":0,"_bbp_total_topic_count":0,"_bbp_total_reply_count":0,"_bbp_voice_count":0,"_bbp_anonymous_reply_count":0,"_bbp_topic_count_hidden":0,"_bbp_reply_count_hidden":0,"_bbp_forum_subforum_count":0,"footnotes":""},"categories":[61,1],"tags":[59,185,164,16],"class_list":["post-14120","post","type-post","status-publish","format-standard","has-post-thumbnail","hentry","category-cicle-mitja","category-portada","tag-activitats-destacades","tag-cicle-mitja","tag-medi","tag-sortides"],"post_mailing_queue_ids":[],"_links":{"self":[{"href":"https:\/\/agora.xtec.cat\/ceipreixac\/wp-json\/wp\/v2\/posts\/14120","targetHints":{"allow":["GET"]}}],"collection":[{"href":"https:\/\/agora.xtec.cat\/ceipreixac\/wp-json\/wp\/v2\/posts"}],"about":[{"href":"https:\/\/agora.xtec.cat\/ceipreixac\/wp-json\/wp\/v2\/types\/post"}],"author":[{"embeddable":true,"href":"https:\/\/agora.xtec.cat\/ceipreixac\/wp-json\/wp\/v2\/users\/7"}],"replies":[{"embeddable":true,"href":"https:\/\/agora.xtec.cat\/ceipreixac\/wp-json\/wp\/v2\/comments?post=14120"}],"version-history":[{"count":1,"href":"https:\/\/agora.xtec.cat\/ceipreixac\/wp-json\/wp\/v2\/posts\/14120\/revisions"}],"predecessor-version":[{"id":14122,"href":"https:\/\/agora.xtec.cat\/ceipreixac\/wp-json\/wp\/v2\/posts\/14120\/revisions\/14122"}],"wp:featuredmedia":[{"embeddable":true,"href":"https:\/\/agora.xtec.cat\/ceipreixac\/wp-json\/wp\/v2\/media\/14121"}],"wp:attachment":[{"href":"https:\/\/agora.xtec.cat\/ceipreixac\/wp-json\/wp\/v2\/media?parent=14120"}],"wp:term":[{"taxonomy":"category","embeddable":true,"href":"https:\/\/agora.xtec.cat\/ceipreixac\/wp-json\/wp\/v2\/categories?post=14120"},{"taxonomy":"post_tag","embeddable":true,"href":"https:\/\/agora.xtec.cat\/ceipreixac\/wp-json\/wp\/v2\/tags?post=14120"}],"curies":[{"name":"wp","href":"https:\/\/api.w.org\/{rel}","templated":true}]}}