{"id":14109,"date":"2021-06-17T21:49:25","date_gmt":"2021-06-17T19:49:25","guid":{"rendered":"http:\/\/agora.xtec.cat\/ceipreixac\/?p=14109"},"modified":"2021-06-17T21:49:25","modified_gmt":"2021-06-17T19:49:25","slug":"visitem-a-lalcaldessa-a-la-casa-de-la-vila","status":"publish","type":"post","link":"https:\/\/agora.xtec.cat\/ceipreixac\/portada\/visitem-a-lalcaldessa-a-la-casa-de-la-vila\/","title":{"rendered":"VISITEM A L&#8217;ALCALDESSA A LA CASA DE LA VILA"},"content":{"rendered":"<p style=\"text-align: justify\">Un any m\u00e9s, tot i la situaci\u00f3 sanit\u00e0ria que estem vivint, els nens i nenes de 3r de l&#8217;escola hem fet la ja tradicional sortida &#8220;Coneguem l&#8217;Ajuntament&#8221;. Aquest curs, per\u00f2, la visita l&#8217;hem fet a la Casa de la Vila on ens ha rebut l&#8217;alcaldessa Laura Campos. Reunits i reunides a la sala de plens, li hem pogut fer totes les preguntes que hav\u00edem treballat a la classe i ella, molt amablement, les ha anat contestant una a una. Tamb\u00e9 hem pogut saber, de primera m\u00e0, com est\u00e0 el tema del soterrament de les vies de la l\u00ednia R2 al seu pas pel nostre municipi.<\/p>\n<p style=\"text-align: justify\">Si cliqueu la imatge, veureu un tastet dels millors moments del dia.<\/p>\n<p><a href=\"https:\/\/photos.app.goo.gl\/nsTQmiaYYi8CXJG4A\" target=\"_blank\" rel=\"noopener noreferrer\"><img loading=\"lazy\" decoding=\"async\" class=\"aligncenter wp-image-14110 size-full\" src=\"https:\/\/agora.xtec.cat\/ceipreixac\/wp-content\/uploads\/usu1230\/2021\/06\/collage.jpg\" alt=\"\" width=\"3532\" height=\"884\" srcset=\"https:\/\/agora.xtec.cat\/ceipreixac\/wp-content\/uploads\/usu1230\/2021\/06\/collage.jpg 3532w, https:\/\/agora.xtec.cat\/ceipreixac\/wp-content\/uploads\/usu1230\/2021\/06\/collage-300x75.jpg 300w, https:\/\/agora.xtec.cat\/ceipreixac\/wp-content\/uploads\/usu1230\/2021\/06\/collage-768x192.jpg 768w, https:\/\/agora.xtec.cat\/ceipreixac\/wp-content\/uploads\/usu1230\/2021\/06\/collage-1024x256.jpg 1024w\" sizes=\"auto, (max-width: 3532px) 100vw, 3532px\" \/><\/a><\/p>\n","protected":false},"excerpt":{"rendered":"<p>Els nens i nenes de 3r han participat a l&#8217;activitat &#8220;Coneguem l&#8217;Ajuntament&#8221;.&hellip;  <a href=\"https:\/\/agora.xtec.cat\/ceipreixac\/portada\/visitem-a-lalcaldessa-a-la-casa-de-la-vila\/\" title=\"Read VISITEM A L&#8217;ALCALDESSA A LA CASA DE LA VILA\">Llegeix m\u00e9s\u00bb<\/a><\/p>\n","protected":false},"author":7,"featured_media":14110,"comment_status":"open","ping_status":"closed","sticky":false,"template":"","format":"standard","meta":{"_bbp_topic_count":0,"_bbp_reply_count":0,"_bbp_total_topic_count":0,"_bbp_total_reply_count":0,"_bbp_voice_count":0,"_bbp_anonymous_reply_count":0,"_bbp_topic_count_hidden":0,"_bbp_reply_count_hidden":0,"_bbp_forum_subforum_count":0,"footnotes":""},"categories":[61,1],"tags":[59,185,16],"class_list":["post-14109","post","type-post","status-publish","format-standard","has-post-thumbnail","hentry","category-cicle-mitja","category-portada","tag-activitats-destacades","tag-cicle-mitja","tag-sortides"],"post_mailing_queue_ids":[],"_links":{"self":[{"href":"https:\/\/agora.xtec.cat\/ceipreixac\/wp-json\/wp\/v2\/posts\/14109","targetHints":{"allow":["GET"]}}],"collection":[{"href":"https:\/\/agora.xtec.cat\/ceipreixac\/wp-json\/wp\/v2\/posts"}],"about":[{"href":"https:\/\/agora.xtec.cat\/ceipreixac\/wp-json\/wp\/v2\/types\/post"}],"author":[{"embeddable":true,"href":"https:\/\/agora.xtec.cat\/ceipreixac\/wp-json\/wp\/v2\/users\/7"}],"replies":[{"embeddable":true,"href":"https:\/\/agora.xtec.cat\/ceipreixac\/wp-json\/wp\/v2\/comments?post=14109"}],"version-history":[{"count":2,"href":"https:\/\/agora.xtec.cat\/ceipreixac\/wp-json\/wp\/v2\/posts\/14109\/revisions"}],"predecessor-version":[{"id":14112,"href":"https:\/\/agora.xtec.cat\/ceipreixac\/wp-json\/wp\/v2\/posts\/14109\/revisions\/14112"}],"wp:featuredmedia":[{"embeddable":true,"href":"https:\/\/agora.xtec.cat\/ceipreixac\/wp-json\/wp\/v2\/media\/14110"}],"wp:attachment":[{"href":"https:\/\/agora.xtec.cat\/ceipreixac\/wp-json\/wp\/v2\/media?parent=14109"}],"wp:term":[{"taxonomy":"category","embeddable":true,"href":"https:\/\/agora.xtec.cat\/ceipreixac\/wp-json\/wp\/v2\/categories?post=14109"},{"taxonomy":"post_tag","embeddable":true,"href":"https:\/\/agora.xtec.cat\/ceipreixac\/wp-json\/wp\/v2\/tags?post=14109"}],"curies":[{"name":"wp","href":"https:\/\/api.w.org\/{rel}","templated":true}]}}