{"id":14092,"date":"2021-06-15T14:14:35","date_gmt":"2021-06-15T12:14:35","guid":{"rendered":"http:\/\/agora.xtec.cat\/ceipreixac\/?p=14092"},"modified":"2021-06-20T20:59:22","modified_gmt":"2021-06-20T18:59:22","slug":"bombolles-mes-enlla-dels-murs-capitol-final","status":"publish","type":"post","link":"https:\/\/agora.xtec.cat\/ceipreixac\/portada\/bombolles-mes-enlla-dels-murs-capitol-final\/","title":{"rendered":"BOMBOLLES. M\u00e9s enll\u00e0 dels Murs. Cap\u00edtol final."},"content":{"rendered":"<p style=\"text-align: justify;\">I per fi, aqu\u00ed la darrera entrega de la s\u00e8rie-documental BOMBOLLES. Despr\u00e9s dels dos cap\u00edtols anteriors, ens hem quedat expectants per saber com culmina aquest relat. Res millor que preveure un tractat de pau, a on els acords, el consens i l&#8217;acceptaci\u00f3 esdevenen els millors ant\u00eddots per millorar la conviv\u00e8ncia, per aconseguir la resili\u00e8ncia comunit\u00e0ria amb il\u00b7lusi\u00f3 i esperan\u00e7a. Contactant amb l&#8217;exterior per enfortir les pr\u00f2pies relacions internes. Hem aconseguit superar els l\u00edmits que les bombolles ens han imposat. L&#8217;audiovisual \u00e9s la clara evid\u00e8ncia. FELICITATS A TOTES I A TOTES!<\/p>\n<p><iframe loading=\"lazy\" title=\"Bombolles. M\u00e9s enll\u00e0 dels murs 2021 (3\/3)\" width=\"500\" height=\"281\" src=\"https:\/\/www.youtube.com\/embed\/VdIKV5Fkkpw?feature=oembed\" frameborder=\"0\" allow=\"accelerometer; autoplay; clipboard-write; encrypted-media; gyroscope; picture-in-picture; web-share\" referrerpolicy=\"strict-origin-when-cross-origin\" allowfullscreen><\/iframe><\/p>\n","protected":false},"excerpt":{"rendered":"<p>Estrena mundial del darrer cap\u00edtol de BOMBOLLES.&hellip;  <a href=\"https:\/\/agora.xtec.cat\/ceipreixac\/portada\/bombolles-mes-enlla-dels-murs-capitol-final\/\" title=\"Read BOMBOLLES. M\u00e9s enll\u00e0 dels Murs. Cap\u00edtol final.\">Llegeix m\u00e9s\u00bb<\/a><\/p>\n","protected":false},"author":1,"featured_media":14093,"comment_status":"open","ping_status":"closed","sticky":false,"template":"","format":"standard","meta":{"_bbp_topic_count":0,"_bbp_reply_count":0,"_bbp_total_topic_count":0,"_bbp_total_reply_count":0,"_bbp_voice_count":0,"_bbp_anonymous_reply_count":0,"_bbp_topic_count_hidden":0,"_bbp_reply_count_hidden":0,"_bbp_forum_subforum_count":0,"footnotes":""},"categories":[62,1],"tags":[285,265,98],"class_list":["post-14092","post","type-post","status-publish","format-standard","has-post-thumbnail","hentry","category-cicle-superior","category-portada","tag-bombolles","tag-convivencia-en-temps-de-pandemia","tag-educacio-en-valors"],"post_mailing_queue_ids":[],"_links":{"self":[{"href":"https:\/\/agora.xtec.cat\/ceipreixac\/wp-json\/wp\/v2\/posts\/14092","targetHints":{"allow":["GET"]}}],"collection":[{"href":"https:\/\/agora.xtec.cat\/ceipreixac\/wp-json\/wp\/v2\/posts"}],"about":[{"href":"https:\/\/agora.xtec.cat\/ceipreixac\/wp-json\/wp\/v2\/types\/post"}],"author":[{"embeddable":true,"href":"https:\/\/agora.xtec.cat\/ceipreixac\/wp-json\/wp\/v2\/users\/1"}],"replies":[{"embeddable":true,"href":"https:\/\/agora.xtec.cat\/ceipreixac\/wp-json\/wp\/v2\/comments?post=14092"}],"version-history":[{"count":1,"href":"https:\/\/agora.xtec.cat\/ceipreixac\/wp-json\/wp\/v2\/posts\/14092\/revisions"}],"predecessor-version":[{"id":14094,"href":"https:\/\/agora.xtec.cat\/ceipreixac\/wp-json\/wp\/v2\/posts\/14092\/revisions\/14094"}],"wp:featuredmedia":[{"embeddable":true,"href":"https:\/\/agora.xtec.cat\/ceipreixac\/wp-json\/wp\/v2\/media\/14093"}],"wp:attachment":[{"href":"https:\/\/agora.xtec.cat\/ceipreixac\/wp-json\/wp\/v2\/media?parent=14092"}],"wp:term":[{"taxonomy":"category","embeddable":true,"href":"https:\/\/agora.xtec.cat\/ceipreixac\/wp-json\/wp\/v2\/categories?post=14092"},{"taxonomy":"post_tag","embeddable":true,"href":"https:\/\/agora.xtec.cat\/ceipreixac\/wp-json\/wp\/v2\/tags?post=14092"}],"curies":[{"name":"wp","href":"https:\/\/api.w.org\/{rel}","templated":true}]}}