{"id":14060,"date":"2021-06-08T13:12:49","date_gmt":"2021-06-08T11:12:49","guid":{"rendered":"http:\/\/agora.xtec.cat\/ceipreixac\/?p=14060"},"modified":"2021-06-08T13:12:49","modified_gmt":"2021-06-08T11:12:49","slug":"els-sols-i-les-llunes-anem-a-la-granja","status":"publish","type":"post","link":"https:\/\/agora.xtec.cat\/ceipreixac\/portada\/els-sols-i-les-llunes-anem-a-la-granja\/","title":{"rendered":"Els Sols i les Llunes anem a la Granja!"},"content":{"rendered":"<p>Els Sols i les Llunes hem desafiat confinaments i meteorologia i, finalment, hem pogut gaudir d&#8217;un dia molt assolellat a la Granja.<\/p>\n<p>Ha estat tota una aventura. El dia abans ja est\u00e0vem molt nerviosos, ten\u00edem moltes ganes de fer aquesta excursi\u00f3 i d&#8217;agafar l&#8217;autocar tots plegats. An\u00e0vem disposats a passar-nos-ho b\u00e9 amb els nostres amics i amigues.<\/p>\n<p>Amb la motxilla a l&#8217;esquena, la crema del sol i la gorra posades, hem esperat per pujar a l&#8217;autocar. Un cop a dalt, cinturons cordats, el conductor ha arrencat i ens han pujat per la panxa unes pessigolles que ens han arribat a la punta del nas. Ens hem passat el viatge cantant desitjosos d&#8217;arribar com abans millor. Quins animals veurem? Quins podrem tocar?<\/p>\n<p>Un cop a la granja ja ens estaven esperant. A l&#8217;entrada un gran cartell Granja d&#8217;Aventura Park, que ens donava la Benvinguda. Quina emoci\u00f3!<\/p>\n<p>El primer de tot, esmorzar, despr\u00e9s del viatge ten\u00edem molta gana i hav\u00edem d&#8217;agafar forces, ens quedava per davant un dia ple d&#8217;activitats.<\/p>\n<p>Els Sols i les Llunes hem pogut\u00a0 jugar al circuit d&#8217;equilibris, passar per troncs estrets, plataformes que pujaven i baixaven, troncs grans i petits que hav\u00edem de saltar amb molta habilitat. Tot un repte que, entre tots, hem hagut de superar.<\/p>\n<p>Hem visitat els animalons de la Granja i hem donat de menjar als porcs vietnamites,\u00a0 a les gallines i a les cabretes. Hem\u00a0 pogut tocar-los, la veritat \u00e9s que ens feia una mica de respecte, per\u00f2 es s&#8217;han portat molt b\u00e9 amb nosaltres. A la granja tamb\u00e9 hi havia ovelles, conills, galls d&#8217;indi i tres gossos.<\/p>\n<p>Ara, on m\u00e9s hem gaudit ha estat al circuit amb tirolines, puj\u00e0vem, baix\u00e0vem, llisc\u00e0vem, ens amag\u00e0vem a les casetes, mov\u00edem els ponts penjants. Ha estat molt divertit jugar amb els amics i amigues, hem passat molt bones estones de joc i rialles.<\/p>\n<p>Tanta activitat fa venir gana i ens toca dinar. Ben assegudets, amb les carmanyoles o el picnic del menjador, hem tingut una estona de relax amb un bon \u00e0pat.<\/p>\n<p>Abans de marxar cap a casa, una estona de joc lliure per fer baixar el dinar i no entrar amb la panxa plena a l&#8217;autocar.<\/p>\n<p>No ten\u00edem ganes de tornar a casa, ens ho est\u00e0vem passant molt b\u00e9, per\u00f2 sab\u00edem que ens est\u00e0veu esperant, amb ganes d&#8217;escoltar-nos explicar totes les aventures del dia. El viatge de tornada ni el vam notar, an\u00e0vem tan cansats que molts ens vam adormir. Qu\u00e8 b\u00e9 despertar-se i trobar alg\u00fa que t&#8217;espera amb ganes d&#8217;abra\u00e7ar-te.<\/p>\n<p>El proper curs ens esperen m\u00e9s sortides i aventures junts. Per\u00f2 de moment, ens haurem de conformar amb veure les fotografies del dia a la Granja. Esperem que les gaudiu. Cliqueu a la imatge del So<span style=\"font-family: inherit;font-size: 1em\">l o de la Lluna.<\/span><\/p>\n<p style=\"text-align: right\">\u00a0 \u00a0 \u00a0 \u00a0 \u00a0 \u00a0 \u00a0 \u00a0 \u00a0 \u00a0 \u00a0 \u00a0 \u00a0 \u00a0 \u00a0 \u00a0 \u00a0 \u00a0 \u00a0 Equip educatiu P3<\/p>\n<p><a href=\"https:\/\/photos.app.goo.gl\/jfbSB1hHXN5JVZTf7\"><br \/>\n<img loading=\"lazy\" decoding=\"async\" class=\"wp-image-14065 aligncenter\" src=\"https:\/\/agora.xtec.cat\/ceipreixac\/wp-content\/uploads\/usu1230\/2021\/06\/sol\u00e7.png\" alt=\"\" width=\"160\" height=\"135\" srcset=\"https:\/\/agora.xtec.cat\/ceipreixac\/wp-content\/uploads\/usu1230\/2021\/06\/sol\u00e7.png 500w, https:\/\/agora.xtec.cat\/ceipreixac\/wp-content\/uploads\/usu1230\/2021\/06\/sol\u00e7-300x254.png 300w\" sizes=\"auto, (max-width: 160px) 100vw, 160px\" \/><\/a><a href=\"https:\/\/photos.app.goo.gl\/PedYDpxc6eKsvWRY6\"><img loading=\"lazy\" decoding=\"async\" class=\"wp-image-14064 aligncenter\" src=\"https:\/\/agora.xtec.cat\/ceipreixac\/wp-content\/uploads\/usu1230\/2021\/06\/lluna.jpg\" alt=\"\" width=\"76\" height=\"95\" \/><\/a><\/p>\n<p>&nbsp;<\/p>\n<p>&nbsp;<\/p>\n","protected":false},"excerpt":{"rendered":"<p>P3 anem a la granja i ens ho passem molt b\u00e9!&hellip;  <a href=\"https:\/\/agora.xtec.cat\/ceipreixac\/portada\/els-sols-i-les-llunes-anem-a-la-granja\/\" title=\"Read Els Sols i les Llunes anem a la Granja!\">Llegeix m\u00e9s\u00bb<\/a><\/p>\n","protected":false},"author":5,"featured_media":14066,"comment_status":"open","ping_status":"closed","sticky":false,"template":"","format":"standard","meta":{"_bbp_topic_count":0,"_bbp_reply_count":0,"_bbp_total_topic_count":0,"_bbp_total_reply_count":0,"_bbp_voice_count":0,"_bbp_anonymous_reply_count":0,"_bbp_topic_count_hidden":0,"_bbp_reply_count_hidden":0,"_bbp_forum_subforum_count":0,"footnotes":""},"categories":[2,1],"tags":[267,16],"class_list":["post-14060","post","type-post","status-publish","format-standard","has-post-thumbnail","hentry","category-infantil","category-portada","tag-educacio-infantil","tag-sortides"],"post_mailing_queue_ids":[],"_links":{"self":[{"href":"https:\/\/agora.xtec.cat\/ceipreixac\/wp-json\/wp\/v2\/posts\/14060","targetHints":{"allow":["GET"]}}],"collection":[{"href":"https:\/\/agora.xtec.cat\/ceipreixac\/wp-json\/wp\/v2\/posts"}],"about":[{"href":"https:\/\/agora.xtec.cat\/ceipreixac\/wp-json\/wp\/v2\/types\/post"}],"author":[{"embeddable":true,"href":"https:\/\/agora.xtec.cat\/ceipreixac\/wp-json\/wp\/v2\/users\/5"}],"replies":[{"embeddable":true,"href":"https:\/\/agora.xtec.cat\/ceipreixac\/wp-json\/wp\/v2\/comments?post=14060"}],"version-history":[{"count":1,"href":"https:\/\/agora.xtec.cat\/ceipreixac\/wp-json\/wp\/v2\/posts\/14060\/revisions"}],"predecessor-version":[{"id":14067,"href":"https:\/\/agora.xtec.cat\/ceipreixac\/wp-json\/wp\/v2\/posts\/14060\/revisions\/14067"}],"wp:featuredmedia":[{"embeddable":true,"href":"https:\/\/agora.xtec.cat\/ceipreixac\/wp-json\/wp\/v2\/media\/14066"}],"wp:attachment":[{"href":"https:\/\/agora.xtec.cat\/ceipreixac\/wp-json\/wp\/v2\/media?parent=14060"}],"wp:term":[{"taxonomy":"category","embeddable":true,"href":"https:\/\/agora.xtec.cat\/ceipreixac\/wp-json\/wp\/v2\/categories?post=14060"},{"taxonomy":"post_tag","embeddable":true,"href":"https:\/\/agora.xtec.cat\/ceipreixac\/wp-json\/wp\/v2\/tags?post=14060"}],"curies":[{"name":"wp","href":"https:\/\/api.w.org\/{rel}","templated":true}]}}