{"id":14059,"date":"2021-06-08T11:37:22","date_gmt":"2021-06-08T09:37:22","guid":{"rendered":"http:\/\/agora.xtec.cat\/ceipreixac\/?p=14059"},"modified":"2021-06-20T21:00:06","modified_gmt":"2021-06-20T19:00:06","slug":"bombolles-mes-enlla-dels-murs-capitol-2","status":"publish","type":"post","link":"https:\/\/agora.xtec.cat\/ceipreixac\/portada\/bombolles-mes-enlla-dels-murs-capitol-2\/","title":{"rendered":"BOMBOLLES. M\u00c9S ENLL\u00c0 DELS MURS. Cap\u00edtol 2"},"content":{"rendered":"<p style=\"text-align: justify;\">Despr\u00e9s de l&#8217;efecte bombolla i del for\u00e7\u00f3s a\u00efllament a que ens va sotmetre el confinament domiciliari, va arribar el repte de conviure plegats a l&#8217;escola per\u00f2 sempre respectant el grup bombolla. Junts i, alhora, separats. La falta de contacte, la necessitat de relacionar-nos, d&#8217;intercanviar&#8230; van fer que busquessin una manera, una f\u00f3rmula per trobar-se plegats. En la propera i \u00faltima entrega veurem si es van en sortir.<\/p>\n<p>&nbsp;<\/p>\n<p><iframe loading=\"lazy\" title=\"Bombolles. M\u00e9s enll\u00e0 dels murs 2021 (2\/3)\" width=\"500\" height=\"281\" src=\"https:\/\/www.youtube.com\/embed\/6bjc_zzUghA?feature=oembed\" frameborder=\"0\" allow=\"accelerometer; autoplay; clipboard-write; encrypted-media; gyroscope; picture-in-picture; web-share\" referrerpolicy=\"strict-origin-when-cross-origin\" allowfullscreen><\/iframe><\/p>\n","protected":false},"excerpt":{"rendered":"<p>L&#8217;esperada segona entrega de la docu-s\u00e8rie BOMBOLLES.&hellip;  <a href=\"https:\/\/agora.xtec.cat\/ceipreixac\/portada\/bombolles-mes-enlla-dels-murs-capitol-2\/\" title=\"Read BOMBOLLES. M\u00c9S ENLL\u00c0 DELS MURS. Cap\u00edtol 2\">Llegeix m\u00e9s\u00bb<\/a><\/p>\n","protected":false},"author":1,"featured_media":14061,"comment_status":"open","ping_status":"closed","sticky":false,"template":"","format":"standard","meta":{"_bbp_topic_count":0,"_bbp_reply_count":0,"_bbp_total_topic_count":0,"_bbp_total_reply_count":0,"_bbp_voice_count":0,"_bbp_anonymous_reply_count":0,"_bbp_topic_count_hidden":0,"_bbp_reply_count_hidden":0,"_bbp_forum_subforum_count":0,"footnotes":""},"categories":[62,1],"tags":[285,265,98],"class_list":["post-14059","post","type-post","status-publish","format-standard","has-post-thumbnail","hentry","category-cicle-superior","category-portada","tag-bombolles","tag-convivencia-en-temps-de-pandemia","tag-educacio-en-valors"],"post_mailing_queue_ids":[],"_links":{"self":[{"href":"https:\/\/agora.xtec.cat\/ceipreixac\/wp-json\/wp\/v2\/posts\/14059","targetHints":{"allow":["GET"]}}],"collection":[{"href":"https:\/\/agora.xtec.cat\/ceipreixac\/wp-json\/wp\/v2\/posts"}],"about":[{"href":"https:\/\/agora.xtec.cat\/ceipreixac\/wp-json\/wp\/v2\/types\/post"}],"author":[{"embeddable":true,"href":"https:\/\/agora.xtec.cat\/ceipreixac\/wp-json\/wp\/v2\/users\/1"}],"replies":[{"embeddable":true,"href":"https:\/\/agora.xtec.cat\/ceipreixac\/wp-json\/wp\/v2\/comments?post=14059"}],"version-history":[{"count":2,"href":"https:\/\/agora.xtec.cat\/ceipreixac\/wp-json\/wp\/v2\/posts\/14059\/revisions"}],"predecessor-version":[{"id":14063,"href":"https:\/\/agora.xtec.cat\/ceipreixac\/wp-json\/wp\/v2\/posts\/14059\/revisions\/14063"}],"wp:featuredmedia":[{"embeddable":true,"href":"https:\/\/agora.xtec.cat\/ceipreixac\/wp-json\/wp\/v2\/media\/14061"}],"wp:attachment":[{"href":"https:\/\/agora.xtec.cat\/ceipreixac\/wp-json\/wp\/v2\/media?parent=14059"}],"wp:term":[{"taxonomy":"category","embeddable":true,"href":"https:\/\/agora.xtec.cat\/ceipreixac\/wp-json\/wp\/v2\/categories?post=14059"},{"taxonomy":"post_tag","embeddable":true,"href":"https:\/\/agora.xtec.cat\/ceipreixac\/wp-json\/wp\/v2\/tags?post=14059"}],"curies":[{"name":"wp","href":"https:\/\/api.w.org\/{rel}","templated":true}]}}