{"id":14015,"date":"2021-05-31T17:51:37","date_gmt":"2021-05-31T15:51:37","guid":{"rendered":"http:\/\/agora.xtec.cat\/ceipreixac\/?p=14015"},"modified":"2021-06-02T10:05:32","modified_gmt":"2021-06-02T08:05:32","slug":"a-quart-llegim-en-veu-alta-amb-la-merce-pons","status":"publish","type":"post","link":"https:\/\/agora.xtec.cat\/ceipreixac\/portada\/a-quart-llegim-en-veu-alta-amb-la-merce-pons\/","title":{"rendered":"A QUART LLEGIM EN VEU ALTA AMB LA MERC\u00c8 PONS"},"content":{"rendered":"<p style=\"text-align: justify;\"><span style=\"font-weight: 400;\">Dimarts 25 de maig, pel mat\u00ed, va venir a l\u2019escola la Merc\u00e8 Pons i els nens i nenes de quart vam fer l\u2019activitat de \u201cLectura en veu alta\u201d.<\/span><\/p>\n<p style=\"text-align: justify;\"><span style=\"font-weight: 400;\">Dies abans, a classe de catal\u00e0, cadascun de nosaltres hav\u00edem preparat uns poemes o endevinalles del bestiari que vam llegir davant seu. Aquest recull era d\u2019animals dom\u00e8stics, de granja, de zoo, salvatges, etc.\u00a0<\/span><\/p>\n<p style=\"text-align: justify;\"><span style=\"font-weight: 400;\">Primer va estar a la classe de 4t B, despr\u00e9s 4t C i per \u00faltim va anar a 4t A. Alguns est\u00e0vem molt nerviosos i a l\u2019inici ens va recomanar t\u00e8cniques per relaxar-nos.\u00a0 <\/span><span style=\"font-weight: 400;\">Vam aprendre moltes coses: entonaci\u00f3 i canvi de la veu, ritme de lectura, pauses, postura, vocabulari, gestos i expressi\u00f3 corporal.\u00a0<\/span><\/p>\n<p style=\"text-align: justify;\"><span style=\"font-weight: 400;\">Nosaltres an\u00e0vem llegint, e<\/span><span style=\"font-weight: 400;\">lla ens escoltava amb atenci\u00f3 i quan acab\u00e0vem ens deia com ho hav\u00edem fet i qu\u00e8 pod\u00edem millorar perqu\u00e8 la lectura fos molt m\u00e9s comprensible i f\u00e0cil. Ella tamb\u00e9 ens va llegir uns quants poemes i textos en veu alta per ensenyar-nos entonaci\u00f3, expressi\u00f3, canvis de to, no nom\u00e9s llegir sin\u00f3 gesticular.<\/span><\/p>\n<p style=\"text-align: justify;\"><span style=\"font-weight: 400;\">Pensem que la Merc\u00e8 se\u2019n va anar contenta i que ha estat una activitat molt enriquidora i engrescadora. A m\u00e9s, al final abans de marxar, la Merc\u00e8 ens va felicitar per ser tan bons lectors i lectores.<\/span><\/p>\n<p style=\"text-align: justify;\">Si voleu veure l&#8217;estona tan agradable que v\u00e0rem passar tots i totes podeu clicar la seg\u00fcent imatge!<\/p>\n<p><a href=\"https:\/\/photos.app.goo.gl\/bYRqt2trGZSVK7g8A\" target=\"_blank\" rel=\"noopener noreferrer\"><img loading=\"lazy\" decoding=\"async\" class=\"aligncenter size-medium wp-image-14016\" src=\"https:\/\/agora.xtec.cat\/ceipreixac\/wp-content\/uploads\/usu1230\/2021\/05\/m_IMG_1389-300x225.jpg\" alt=\"\" width=\"300\" height=\"225\" srcset=\"https:\/\/agora.xtec.cat\/ceipreixac\/wp-content\/uploads\/usu1230\/2021\/05\/m_IMG_1389-300x225.jpg 300w, https:\/\/agora.xtec.cat\/ceipreixac\/wp-content\/uploads\/usu1230\/2021\/05\/m_IMG_1389-768x576.jpg 768w, https:\/\/agora.xtec.cat\/ceipreixac\/wp-content\/uploads\/usu1230\/2021\/05\/m_IMG_1389-200x150.jpg 200w, https:\/\/agora.xtec.cat\/ceipreixac\/wp-content\/uploads\/usu1230\/2021\/05\/m_IMG_1389.jpg 800w\" sizes=\"auto, (max-width: 300px) 100vw, 300px\" \/><\/a><\/p>\n","protected":false},"excerpt":{"rendered":"<p>La Merc\u00e8 Pons va felicitar als nens i nenes de 4t per ser uns grans lectors i lectores.&hellip;  <a href=\"https:\/\/agora.xtec.cat\/ceipreixac\/portada\/a-quart-llegim-en-veu-alta-amb-la-merce-pons\/\" title=\"Read A QUART LLEGIM EN VEU ALTA AMB LA MERC\u00c8 PONS\">Llegeix m\u00e9s\u00bb<\/a><\/p>\n","protected":false},"author":7,"featured_media":14016,"comment_status":"open","ping_status":"closed","sticky":false,"template":"","format":"standard","meta":{"_bbp_topic_count":0,"_bbp_reply_count":0,"_bbp_total_topic_count":0,"_bbp_total_reply_count":0,"_bbp_voice_count":0,"_bbp_anonymous_reply_count":0,"_bbp_topic_count_hidden":0,"_bbp_reply_count_hidden":0,"_bbp_forum_subforum_count":0,"footnotes":""},"categories":[61,1],"tags":[59,185,84],"class_list":["post-14015","post","type-post","status-publish","format-standard","has-post-thumbnail","hentry","category-cicle-mitja","category-portada","tag-activitats-destacades","tag-cicle-mitja","tag-convidats-especials"],"post_mailing_queue_ids":[],"_links":{"self":[{"href":"https:\/\/agora.xtec.cat\/ceipreixac\/wp-json\/wp\/v2\/posts\/14015","targetHints":{"allow":["GET"]}}],"collection":[{"href":"https:\/\/agora.xtec.cat\/ceipreixac\/wp-json\/wp\/v2\/posts"}],"about":[{"href":"https:\/\/agora.xtec.cat\/ceipreixac\/wp-json\/wp\/v2\/types\/post"}],"author":[{"embeddable":true,"href":"https:\/\/agora.xtec.cat\/ceipreixac\/wp-json\/wp\/v2\/users\/7"}],"replies":[{"embeddable":true,"href":"https:\/\/agora.xtec.cat\/ceipreixac\/wp-json\/wp\/v2\/comments?post=14015"}],"version-history":[{"count":4,"href":"https:\/\/agora.xtec.cat\/ceipreixac\/wp-json\/wp\/v2\/posts\/14015\/revisions"}],"predecessor-version":[{"id":14041,"href":"https:\/\/agora.xtec.cat\/ceipreixac\/wp-json\/wp\/v2\/posts\/14015\/revisions\/14041"}],"wp:featuredmedia":[{"embeddable":true,"href":"https:\/\/agora.xtec.cat\/ceipreixac\/wp-json\/wp\/v2\/media\/14016"}],"wp:attachment":[{"href":"https:\/\/agora.xtec.cat\/ceipreixac\/wp-json\/wp\/v2\/media?parent=14015"}],"wp:term":[{"taxonomy":"category","embeddable":true,"href":"https:\/\/agora.xtec.cat\/ceipreixac\/wp-json\/wp\/v2\/categories?post=14015"},{"taxonomy":"post_tag","embeddable":true,"href":"https:\/\/agora.xtec.cat\/ceipreixac\/wp-json\/wp\/v2\/tags?post=14015"}],"curies":[{"name":"wp","href":"https:\/\/api.w.org\/{rel}","templated":true}]}}