{"id":13972,"date":"2021-05-28T15:45:08","date_gmt":"2021-05-28T13:45:08","guid":{"rendered":"http:\/\/agora.xtec.cat\/ceipreixac\/?p=13972"},"modified":"2021-06-20T21:01:21","modified_gmt":"2021-06-20T19:01:21","slug":"i-la-magia-continua","status":"publish","type":"post","link":"https:\/\/agora.xtec.cat\/ceipreixac\/portada\/i-la-magia-continua\/","title":{"rendered":"I LA M\u00c0GIA CONTINUA!"},"content":{"rendered":"<p style=\"text-align: justify;\">Per fi avui ens ha visitat el m\u00e0gic Ra\u00fcl a les classes que, malauradament, vam estar confinats durant la Setmana Cultural.<\/p>\n<p style=\"text-align: justify;\">Ha estat un espectacle impressionant, on el Ra\u00fcl ha desplegat per a nosaltres tot un m\u00f3n m\u00e0gic, amb trucs divertits, originals i plens d&#8217;enginy i bon humor: trucs mentalistes, de predicci\u00f3, de cartes,\u00a0 de mitjons, de mocadors que desapareixen i s&#8217;amaguen en ous?!<\/p>\n<p style=\"text-align: justify;\">Fins i tot ens ha explicat com portar a terme nosaltres algun truc de m\u00e0gia!<\/p>\n<p style=\"text-align: justify;\">Gr\u00e0cies Ra\u00fcl per la teva m\u00e0gia i la teva comprensi\u00f3. Quina pena hauria estat no poder assistir al teu espectacle!<\/p>\n<p style=\"text-align: justify;\">Si voleu veure les fotos de l&#8217;activitat, cliqueu <a href=\"https:\/\/drive.google.com\/drive\/folders\/1LVWBxzDegd017DKT8KZwNigQeiwowJSB?usp=sharing\">aqu\u00ed.<\/a><\/p>\n","protected":false},"excerpt":{"rendered":"<p>I la m\u00e0gia continua! El mag Ra\u00fcl visita l&#8217;escola per a oferir el seu espectacle a les classes que van estar confinades durant la Setmana Cultural.&hellip;  <a href=\"https:\/\/agora.xtec.cat\/ceipreixac\/portada\/i-la-magia-continua\/\" title=\"Read I LA M\u00c0GIA CONTINUA!\">Llegeix m\u00e9s\u00bb<\/a><\/p>\n","protected":false},"author":8,"featured_media":13841,"comment_status":"open","ping_status":"closed","sticky":false,"template":"","format":"standard","meta":{"_bbp_topic_count":0,"_bbp_reply_count":0,"_bbp_total_topic_count":0,"_bbp_total_reply_count":0,"_bbp_voice_count":0,"_bbp_anonymous_reply_count":0,"_bbp_topic_count_hidden":0,"_bbp_reply_count_hidden":0,"_bbp_forum_subforum_count":0,"footnotes":""},"categories":[61,62,1],"tags":[59,185,122,265,77,139],"class_list":["post-13972","post","type-post","status-publish","format-standard","has-post-thumbnail","hentry","category-cicle-mitja","category-cicle-superior","category-portada","tag-activitats-destacades","tag-cicle-mitja","tag-cicle-superior","tag-convivencia-en-temps-de-pandemia","tag-festivitats-escolars","tag-setmana-cultural"],"post_mailing_queue_ids":[],"_links":{"self":[{"href":"https:\/\/agora.xtec.cat\/ceipreixac\/wp-json\/wp\/v2\/posts\/13972","targetHints":{"allow":["GET"]}}],"collection":[{"href":"https:\/\/agora.xtec.cat\/ceipreixac\/wp-json\/wp\/v2\/posts"}],"about":[{"href":"https:\/\/agora.xtec.cat\/ceipreixac\/wp-json\/wp\/v2\/types\/post"}],"author":[{"embeddable":true,"href":"https:\/\/agora.xtec.cat\/ceipreixac\/wp-json\/wp\/v2\/users\/8"}],"replies":[{"embeddable":true,"href":"https:\/\/agora.xtec.cat\/ceipreixac\/wp-json\/wp\/v2\/comments?post=13972"}],"version-history":[{"count":4,"href":"https:\/\/agora.xtec.cat\/ceipreixac\/wp-json\/wp\/v2\/posts\/13972\/revisions"}],"predecessor-version":[{"id":13981,"href":"https:\/\/agora.xtec.cat\/ceipreixac\/wp-json\/wp\/v2\/posts\/13972\/revisions\/13981"}],"wp:featuredmedia":[{"embeddable":true,"href":"https:\/\/agora.xtec.cat\/ceipreixac\/wp-json\/wp\/v2\/media\/13841"}],"wp:attachment":[{"href":"https:\/\/agora.xtec.cat\/ceipreixac\/wp-json\/wp\/v2\/media?parent=13972"}],"wp:term":[{"taxonomy":"category","embeddable":true,"href":"https:\/\/agora.xtec.cat\/ceipreixac\/wp-json\/wp\/v2\/categories?post=13972"},{"taxonomy":"post_tag","embeddable":true,"href":"https:\/\/agora.xtec.cat\/ceipreixac\/wp-json\/wp\/v2\/tags?post=13972"}],"curies":[{"name":"wp","href":"https:\/\/api.w.org\/{rel}","templated":true}]}}