{"id":13917,"date":"2021-05-17T14:11:44","date_gmt":"2021-05-17T12:11:44","guid":{"rendered":"http:\/\/agora.xtec.cat\/ceipreixac\/?p=13917"},"modified":"2021-06-01T16:22:31","modified_gmt":"2021-06-01T14:22:31","slug":"colonies-a-cala-montjoi-ho-hem-aconseguit","status":"publish","type":"post","link":"https:\/\/agora.xtec.cat\/ceipreixac\/portada\/colonies-a-cala-montjoi-ho-hem-aconseguit\/","title":{"rendered":"COL\u00d2NIES A CALA MONTJOI. HO HEM ACONSEGUIT!!"},"content":{"rendered":"<p style=\"text-align: justify;\"><span style=\"color: #0000ff;\"><strong>BENVINGUTS I BENVINGUDES A LA NOSTRA GRAN AVENTURA!!! <\/strong><\/span>Semblava que no havia d&#8217;arribar mai. Hem patit, suat, i desitjat aquest moment des de fa moooolt de temps i per fi va arribar. Ni la COVID-19, ni els confinaments ni res de res ens ha pogut parar!!!!<\/p>\n<p style=\"text-align: justify;\">El dilluns passat, enmig d&#8217;una mica d&#8217;incredulitat, incertesa pel mal temps i sobretot molta alegria, totes i tots vam pujar a l&#8217;autocar cam\u00ed de Girona. M\u00e9s concretament d&#8217;un petit indret situat entre <span style=\"color: #ff6600;\">Roses<\/span> i <span style=\"color: #ff6600;\">Cadaqu\u00e9s<\/span>, enmig del<span style=\"color: #ff6600;\"> Parc Natural del Cap de Creus<\/span>&#8230;.que m\u00e9s un podem dir.\u00a0 \u00a0<strong><span style=\"color: #ff0000;\">EL PARAD\u00cdS!!<\/span><\/strong><\/p>\n<p style=\"text-align: justify;\">\u00a0All\u00e0 hem gaudit d&#8217;un munt d&#8217;activitats diferents: piragua, excursions, tir amb arc, curses d&#8217;orientaci\u00f3, roc\u00f2drom, tirolina, tennis&#8230;.. Vaja que no hem parat ni un minut al dia per\u00f2 ens ho hem passat genial! De tant en tant es sentia alguna veu que deia: &#8221; no puc, no em dona la vida..&#8221; per\u00f2 despr\u00e9s d&#8217;un gran \u00e0pat tothom tornava a estar disposat a &#8220;donar-ho tot&#8221;.<\/p>\n<p style=\"text-align: justify;\">Han estat uns dies especials de molt riure, compartir i sobretot gaudir de tot el que se&#8217;ns oferia. Per\u00f2 tamb\u00e9 de moments per recordar als i les que no van venir : que b\u00e9 s&#8217;ho passaria tal&#8230; o aix\u00f2 qual no ho faria pas&#8230;.<\/p>\n<p style=\"text-align: justify;\">Per aix\u00f2 volem compartir les imatges dels nostres records amb vosaltres.<\/p>\n<p style=\"text-align: justify;\">AQU\u00cd LES TENIU!! Nom\u00e9s cal que cliqueu sobre la foto<\/p>\n<p><a href=\"https:\/\/drive.google.com\/drive\/folders\/1vZW6VMo4adrS_DCx5tuJX3QbWnnGDlR0?usp=sharing\" target=\"_blank\" rel=\"noopener noreferrer\"><img loading=\"lazy\" decoding=\"async\" class=\"aligncenter wp-image-13919\" src=\"https:\/\/agora.xtec.cat\/ceipreixac\/wp-content\/uploads\/usu1230\/2021\/05\/COLONIES-300x157.jpg\" alt=\"\" width=\"438\" height=\"229\" srcset=\"https:\/\/agora.xtec.cat\/ceipreixac\/wp-content\/uploads\/usu1230\/2021\/05\/COLONIES-300x157.jpg 300w, https:\/\/agora.xtec.cat\/ceipreixac\/wp-content\/uploads\/usu1230\/2021\/05\/COLONIES-768x401.jpg 768w, https:\/\/agora.xtec.cat\/ceipreixac\/wp-content\/uploads\/usu1230\/2021\/05\/COLONIES-1024x534.jpg 1024w, https:\/\/agora.xtec.cat\/ceipreixac\/wp-content\/uploads\/usu1230\/2021\/05\/COLONIES.jpg 2016w\" sizes=\"auto, (max-width: 438px) 100vw, 438px\" \/><\/a><\/p>\n","protected":false},"excerpt":{"rendered":"<p>DIVERSI\u00d3 A CALA MONTJOI!!<br \/>\nSemblava una missi\u00f3 impossible per\u00f2 finalment ho hem aconseguit!&hellip;  <a href=\"https:\/\/agora.xtec.cat\/ceipreixac\/portada\/colonies-a-cala-montjoi-ho-hem-aconseguit\/\" title=\"Read COL\u00d2NIES A CALA MONTJOI. HO HEM ACONSEGUIT!!\">Llegeix m\u00e9s\u00bb<\/a><\/p>\n","protected":false},"author":8,"featured_media":13919,"comment_status":"open","ping_status":"closed","sticky":false,"template":"","format":"standard","meta":{"_bbp_topic_count":0,"_bbp_reply_count":0,"_bbp_total_topic_count":0,"_bbp_total_reply_count":0,"_bbp_voice_count":0,"_bbp_anonymous_reply_count":0,"_bbp_topic_count_hidden":0,"_bbp_reply_count_hidden":0,"_bbp_forum_subforum_count":0,"footnotes":""},"categories":[62,71,1],"tags":[59,122,76],"class_list":["post-13917","post","type-post","status-publish","format-standard","has-post-thumbnail","hentry","category-cicle-superior","category-general","category-portada","tag-activitats-destacades","tag-cicle-superior","tag-colonies"],"post_mailing_queue_ids":[],"_links":{"self":[{"href":"https:\/\/agora.xtec.cat\/ceipreixac\/wp-json\/wp\/v2\/posts\/13917","targetHints":{"allow":["GET"]}}],"collection":[{"href":"https:\/\/agora.xtec.cat\/ceipreixac\/wp-json\/wp\/v2\/posts"}],"about":[{"href":"https:\/\/agora.xtec.cat\/ceipreixac\/wp-json\/wp\/v2\/types\/post"}],"author":[{"embeddable":true,"href":"https:\/\/agora.xtec.cat\/ceipreixac\/wp-json\/wp\/v2\/users\/8"}],"replies":[{"embeddable":true,"href":"https:\/\/agora.xtec.cat\/ceipreixac\/wp-json\/wp\/v2\/comments?post=13917"}],"version-history":[{"count":3,"href":"https:\/\/agora.xtec.cat\/ceipreixac\/wp-json\/wp\/v2\/posts\/13917\/revisions"}],"predecessor-version":[{"id":14033,"href":"https:\/\/agora.xtec.cat\/ceipreixac\/wp-json\/wp\/v2\/posts\/13917\/revisions\/14033"}],"wp:featuredmedia":[{"embeddable":true,"href":"https:\/\/agora.xtec.cat\/ceipreixac\/wp-json\/wp\/v2\/media\/13919"}],"wp:attachment":[{"href":"https:\/\/agora.xtec.cat\/ceipreixac\/wp-json\/wp\/v2\/media?parent=13917"}],"wp:term":[{"taxonomy":"category","embeddable":true,"href":"https:\/\/agora.xtec.cat\/ceipreixac\/wp-json\/wp\/v2\/categories?post=13917"},{"taxonomy":"post_tag","embeddable":true,"href":"https:\/\/agora.xtec.cat\/ceipreixac\/wp-json\/wp\/v2\/tags?post=13917"}],"curies":[{"name":"wp","href":"https:\/\/api.w.org\/{rel}","templated":true}]}}