{"id":13900,"date":"2021-05-13T17:24:03","date_gmt":"2021-05-13T15:24:03","guid":{"rendered":"http:\/\/agora.xtec.cat\/ceipreixac\/?p=13900"},"modified":"2021-05-13T19:07:41","modified_gmt":"2021-05-13T17:07:41","slug":"ultima-visita-al-museu-reixac-p4","status":"publish","type":"post","link":"https:\/\/agora.xtec.cat\/ceipreixac\/portada\/ultima-visita-al-museu-reixac-p4\/","title":{"rendered":"\u00daLTIMA VISITA AL MUSEU REIXAC (P4)"},"content":{"rendered":"<p>Hola fam\u00edlies,<\/p>\n<p>Aqu\u00ed arriba l&#8217;\u00faltima entrega del nostre Museu Reixac. Tanquem aquesta visita virtual amb l&#8217;artista japonesa Yayoi Kusama. De la m\u00e0 dels alumnes de P4 descobrireu a aquesta artista tan original.<\/p>\n<p>Esperem que us agradi i gaudiu molt de la visita. Animeu-vos a fer-nos un comentari.<\/p>\n<p>&nbsp;<\/p>\n<p><a href=\"https:\/\/drive.google.com\/file\/d\/1H8nvlMliWFrd021PSrmQ26Td_7hqWhl6\/view?usp=sharing\" target=\"_blank\" rel=\"noopener noreferrer\"><img loading=\"lazy\" decoding=\"async\" class=\"wp-image-13901 aligncenter\" src=\"https:\/\/agora.xtec.cat\/ceipreixac\/wp-content\/uploads\/usu1230\/2021\/05\/INTRODUCCI\u00d3-VIDEO-DEFINITIU_page-0001-1024x724.jpg\" alt=\"\" width=\"312\" height=\"221\" srcset=\"https:\/\/agora.xtec.cat\/ceipreixac\/wp-content\/uploads\/usu1230\/2021\/05\/INTRODUCCI\u00d3-VIDEO-DEFINITIU_page-0001-1024x724.jpg 1024w, https:\/\/agora.xtec.cat\/ceipreixac\/wp-content\/uploads\/usu1230\/2021\/05\/INTRODUCCI\u00d3-VIDEO-DEFINITIU_page-0001-300x212.jpg 300w, https:\/\/agora.xtec.cat\/ceipreixac\/wp-content\/uploads\/usu1230\/2021\/05\/INTRODUCCI\u00d3-VIDEO-DEFINITIU_page-0001-768x543.jpg 768w, https:\/\/agora.xtec.cat\/ceipreixac\/wp-content\/uploads\/usu1230\/2021\/05\/INTRODUCCI\u00d3-VIDEO-DEFINITIU_page-0001.jpg 1755w\" sizes=\"auto, (max-width: 312px) 100vw, 312px\" \/><\/a><\/p>\n","protected":false},"excerpt":{"rendered":"<p>\u00daLTIMA VISITA AL MUSEU REIXAC&hellip;  <a href=\"https:\/\/agora.xtec.cat\/ceipreixac\/portada\/ultima-visita-al-museu-reixac-p4\/\" title=\"Read \u00daLTIMA VISITA AL MUSEU REIXAC (P4)\">Llegeix m\u00e9s\u00bb<\/a><\/p>\n","protected":false},"author":5,"featured_media":13901,"comment_status":"open","ping_status":"closed","sticky":false,"template":"","format":"standard","meta":{"_bbp_topic_count":0,"_bbp_reply_count":0,"_bbp_total_topic_count":0,"_bbp_total_reply_count":0,"_bbp_voice_count":0,"_bbp_anonymous_reply_count":0,"_bbp_topic_count_hidden":0,"_bbp_reply_count_hidden":0,"_bbp_forum_subforum_count":0,"footnotes":""},"categories":[2,1],"tags":[17],"class_list":["post-13900","post","type-post","status-publish","format-standard","has-post-thumbnail","hentry","category-infantil","category-portada","tag-plastica"],"post_mailing_queue_ids":[],"_links":{"self":[{"href":"https:\/\/agora.xtec.cat\/ceipreixac\/wp-json\/wp\/v2\/posts\/13900","targetHints":{"allow":["GET"]}}],"collection":[{"href":"https:\/\/agora.xtec.cat\/ceipreixac\/wp-json\/wp\/v2\/posts"}],"about":[{"href":"https:\/\/agora.xtec.cat\/ceipreixac\/wp-json\/wp\/v2\/types\/post"}],"author":[{"embeddable":true,"href":"https:\/\/agora.xtec.cat\/ceipreixac\/wp-json\/wp\/v2\/users\/5"}],"replies":[{"embeddable":true,"href":"https:\/\/agora.xtec.cat\/ceipreixac\/wp-json\/wp\/v2\/comments?post=13900"}],"version-history":[{"count":2,"href":"https:\/\/agora.xtec.cat\/ceipreixac\/wp-json\/wp\/v2\/posts\/13900\/revisions"}],"predecessor-version":[{"id":13903,"href":"https:\/\/agora.xtec.cat\/ceipreixac\/wp-json\/wp\/v2\/posts\/13900\/revisions\/13903"}],"wp:featuredmedia":[{"embeddable":true,"href":"https:\/\/agora.xtec.cat\/ceipreixac\/wp-json\/wp\/v2\/media\/13901"}],"wp:attachment":[{"href":"https:\/\/agora.xtec.cat\/ceipreixac\/wp-json\/wp\/v2\/media?parent=13900"}],"wp:term":[{"taxonomy":"category","embeddable":true,"href":"https:\/\/agora.xtec.cat\/ceipreixac\/wp-json\/wp\/v2\/categories?post=13900"},{"taxonomy":"post_tag","embeddable":true,"href":"https:\/\/agora.xtec.cat\/ceipreixac\/wp-json\/wp\/v2\/tags?post=13900"}],"curies":[{"name":"wp","href":"https:\/\/api.w.org\/{rel}","templated":true}]}}