{"id":13782,"date":"2021-04-23T08:58:06","date_gmt":"2021-04-23T06:58:06","guid":{"rendered":"http:\/\/agora.xtec.cat\/ceipreixac\/?p=13782"},"modified":"2021-04-23T09:02:28","modified_gmt":"2021-04-23T07:02:28","slug":"sant-jordi-ens-porta-la-primavera","status":"publish","type":"post","link":"https:\/\/agora.xtec.cat\/ceipreixac\/portada\/sant-jordi-ens-porta-la-primavera\/","title":{"rendered":"SANT JORDI ENS PORTA LA PRIMAVERA"},"content":{"rendered":"<p style=\"text-align: justify;\">Aquesta setmana estem de celebraci\u00f3 i \u00e9s que Sant Jordi, ens porta la primavera i moltes propostes interessants que sabem, estan fent la del\u00edcia dels alumnes. Durant tota la setmana estem portant a terme activitats diverses al voltant del meravell\u00f3s m\u00f3n de la literatura infantil.\u00a0 El dilluns v\u00e0rem donar el tret de sortida amb els primers enigmes, creant hist\u00f2ries i poemes, iniciant els concursos i tamb\u00e9 amb la &#8220;plantaci\u00f3&#8221; de la decoraci\u00f3 del vest\u00edbul. Donat que aquest curs l&#8217;acc\u00e9s est\u00e0 limitat i tenim alguns grups a casa, us volem compartir el m\u00e0gic escenari que amb ajuda de tots els infants de l&#8217;escola hem creat. Paradetes t\u00edpiques, la llegenda representada pel cavaller i la princesa, pa de Sant Jordi, roses i punts de llibre, reculls literaris i, com no, un impressionant Drac de Sant Jordi. Us deixem un <a href=\"https:\/\/photos.app.goo.gl\/aHsFUCmZLt77zm3b9\" target=\"_blank\" rel=\"noopener noreferrer\">recull fotogr\u00e0fic<\/a> perqu\u00e8, ni que sigui de manera virtual el pugueu gaudir. Gr\u00e0cies a tots i totes per la vostra col.laboraci\u00f3. L&#8217;entrada de l&#8217;escola \u00e9s un aparador del que hi vivim a dins i ja veieu que aquesta setmana est\u00e0 sent molt i molt especial!<\/p>\n<p><a href=\"https:\/\/photos.app.goo.gl\/aHsFUCmZLt77zm3b9\" target=\"_blank\" rel=\"noopener noreferrer\"><img loading=\"lazy\" decoding=\"async\" class=\"alignleft size-full wp-image-13784\" src=\"https:\/\/agora.xtec.cat\/ceipreixac\/wp-content\/uploads\/usu1230\/2021\/04\/vestibul.jpg\" alt=\"\" width=\"640\" height=\"366\" srcset=\"https:\/\/agora.xtec.cat\/ceipreixac\/wp-content\/uploads\/usu1230\/2021\/04\/vestibul.jpg 640w, https:\/\/agora.xtec.cat\/ceipreixac\/wp-content\/uploads\/usu1230\/2021\/04\/vestibul-300x172.jpg 300w\" sizes=\"auto, (max-width: 640px) 100vw, 640px\" \/><\/a><\/p>\n","protected":false},"excerpt":{"rendered":"<p>El vest\u00edbul guarnit per una Setmana Cultural de llegenda&#8230;&hellip;  <a href=\"https:\/\/agora.xtec.cat\/ceipreixac\/portada\/sant-jordi-ens-porta-la-primavera\/\" title=\"Read SANT JORDI ENS PORTA LA PRIMAVERA\">Llegeix m\u00e9s\u00bb<\/a><\/p>\n","protected":false},"author":1,"featured_media":13783,"comment_status":"open","ping_status":"closed","sticky":false,"template":"","format":"standard","meta":{"_bbp_topic_count":0,"_bbp_reply_count":0,"_bbp_total_topic_count":0,"_bbp_total_reply_count":0,"_bbp_voice_count":0,"_bbp_anonymous_reply_count":0,"_bbp_topic_count_hidden":0,"_bbp_reply_count_hidden":0,"_bbp_forum_subforum_count":0,"footnotes":""},"categories":[71,1],"tags":[237,139],"class_list":["post-13782","post","type-post","status-publish","format-standard","has-post-thumbnail","hentry","category-general","category-portada","tag-decoracio","tag-setmana-cultural"],"post_mailing_queue_ids":[],"_links":{"self":[{"href":"https:\/\/agora.xtec.cat\/ceipreixac\/wp-json\/wp\/v2\/posts\/13782","targetHints":{"allow":["GET"]}}],"collection":[{"href":"https:\/\/agora.xtec.cat\/ceipreixac\/wp-json\/wp\/v2\/posts"}],"about":[{"href":"https:\/\/agora.xtec.cat\/ceipreixac\/wp-json\/wp\/v2\/types\/post"}],"author":[{"embeddable":true,"href":"https:\/\/agora.xtec.cat\/ceipreixac\/wp-json\/wp\/v2\/users\/1"}],"replies":[{"embeddable":true,"href":"https:\/\/agora.xtec.cat\/ceipreixac\/wp-json\/wp\/v2\/comments?post=13782"}],"version-history":[{"count":3,"href":"https:\/\/agora.xtec.cat\/ceipreixac\/wp-json\/wp\/v2\/posts\/13782\/revisions"}],"predecessor-version":[{"id":13804,"href":"https:\/\/agora.xtec.cat\/ceipreixac\/wp-json\/wp\/v2\/posts\/13782\/revisions\/13804"}],"wp:featuredmedia":[{"embeddable":true,"href":"https:\/\/agora.xtec.cat\/ceipreixac\/wp-json\/wp\/v2\/media\/13783"}],"wp:attachment":[{"href":"https:\/\/agora.xtec.cat\/ceipreixac\/wp-json\/wp\/v2\/media?parent=13782"}],"wp:term":[{"taxonomy":"category","embeddable":true,"href":"https:\/\/agora.xtec.cat\/ceipreixac\/wp-json\/wp\/v2\/categories?post=13782"},{"taxonomy":"post_tag","embeddable":true,"href":"https:\/\/agora.xtec.cat\/ceipreixac\/wp-json\/wp\/v2\/tags?post=13782"}],"curies":[{"name":"wp","href":"https:\/\/api.w.org\/{rel}","templated":true}]}}