{"id":13742,"date":"2021-04-22T19:46:53","date_gmt":"2021-04-22T17:46:53","guid":{"rendered":"http:\/\/agora.xtec.cat\/ceipreixac\/?p=13742"},"modified":"2021-04-22T19:46:53","modified_gmt":"2021-04-22T17:46:53","slug":"viatge-al-pais-dels-ibers","status":"publish","type":"post","link":"https:\/\/agora.xtec.cat\/ceipreixac\/portada\/viatge-al-pais-dels-ibers\/","title":{"rendered":"VIATGE AL PA\u00cdS DELS \u00cdBERS!"},"content":{"rendered":"<p>A 5\u00e8, aquest trimestre comencem amb la HIST\u00d2RIA, millor dit amb la PREHIST\u00d2RIA\u00a0 i l&#8217;EDAT ANTIGA. Sortosament, Montcada i Reixac, porta d&#8217;entrada i sortida de la gran ciutat, t\u00e9 un llarg recorregut al llarg dels segles, i el seu patrimoni hist\u00f2ric i cultural \u00e9s ric i es remonta molts segles enrera.<\/p>\n<p>Per a entendre millor els nostres avantpassats i com vivien, 5\u00e8 ha realitzat una visita guiada al jaciment iber de Les Maleses, de la m\u00e0 del Jordi i la Giselle, arque\u00f2legs que se&#8217;l coneixen molt b\u00e9 i ens van explicar molts aspectes d&#8217;aquesta tribu laietana.<\/p>\n<p>Vam fer una part del trajecte en autocar, fins el Mirador de la Vallensana, i un cop all\u00e0, vam caminar de valent fins a arribar al ben anomenat Tur\u00f3 de Les Maleses. Llavors, al final d&#8217;un caminet ben amagat, ens vam trobar amb la meravella del jaciment iber de Les Maleses. I quines vistes! El mar des del Maresme al Garraf, Barcelona, tot el Vall\u00e8s i la nostra muntanya m\u00e0gica, Montserrat.<\/p>\n<p>Per\u00f2 el m\u00e9s interessant ens ho van explicar les pedres antigues, que estiu rera estiu, i amb molta delicadesa van descobrint i catalogant un grup d&#8217;arque\u00f2legs i arque\u00f2logues de la nostra ciutat.<\/p>\n<p>Gr\u00e0cies per preservar-les per a tots.<\/p>\n<p>Si voleu veure les fotos de les excursions, cliqueu la imatge.<\/p>\n<p><a href=\"https:\/\/drive.google.com\/drive\/folders\/1hct-2htfUkKzBwFp0Yo8bbcNfRe_eSNw?usp=sharing\"><img loading=\"lazy\" decoding=\"async\" class=\" wp-image-13796 aligncenter\" src=\"https:\/\/agora.xtec.cat\/ceipreixac\/wp-content\/uploads\/usu1230\/2021\/04\/20604765Master-300x225.jpg\" alt=\"\" width=\"443\" height=\"332\" srcset=\"https:\/\/agora.xtec.cat\/ceipreixac\/wp-content\/uploads\/usu1230\/2021\/04\/20604765Master-300x225.jpg 300w, https:\/\/agora.xtec.cat\/ceipreixac\/wp-content\/uploads\/usu1230\/2021\/04\/20604765Master-768x576.jpg 768w, https:\/\/agora.xtec.cat\/ceipreixac\/wp-content\/uploads\/usu1230\/2021\/04\/20604765Master-1024x768.jpg 1024w, https:\/\/agora.xtec.cat\/ceipreixac\/wp-content\/uploads\/usu1230\/2021\/04\/20604765Master-200x150.jpg 200w, https:\/\/agora.xtec.cat\/ceipreixac\/wp-content\/uploads\/usu1230\/2021\/04\/20604765Master.jpg 1600w\" sizes=\"auto, (max-width: 443px) 100vw, 443px\" \/><\/a><\/p>\n","protected":false},"excerpt":{"rendered":"<p>5\u00e8 visita el jaciment arqueol\u00f2gic d&#8217;origen ib\u00e8ric de Les Maleses.&hellip;  <a href=\"https:\/\/agora.xtec.cat\/ceipreixac\/portada\/viatge-al-pais-dels-ibers\/\" title=\"Read VIATGE AL PA\u00cdS DELS \u00cdBERS!\">Llegeix m\u00e9s\u00bb<\/a><\/p>\n","protected":false},"author":8,"featured_media":13796,"comment_status":"open","ping_status":"closed","sticky":false,"template":"","format":"standard","meta":{"_bbp_topic_count":0,"_bbp_reply_count":0,"_bbp_total_topic_count":0,"_bbp_total_reply_count":0,"_bbp_voice_count":0,"_bbp_anonymous_reply_count":0,"_bbp_topic_count_hidden":0,"_bbp_reply_count_hidden":0,"_bbp_forum_subforum_count":0,"footnotes":""},"categories":[62,1],"tags":[122,175,16],"class_list":["post-13742","post","type-post","status-publish","format-standard","has-post-thumbnail","hentry","category-cicle-superior","category-portada","tag-cicle-superior","tag-memoria-historica-records-montcada","tag-sortides"],"post_mailing_queue_ids":[],"_links":{"self":[{"href":"https:\/\/agora.xtec.cat\/ceipreixac\/wp-json\/wp\/v2\/posts\/13742","targetHints":{"allow":["GET"]}}],"collection":[{"href":"https:\/\/agora.xtec.cat\/ceipreixac\/wp-json\/wp\/v2\/posts"}],"about":[{"href":"https:\/\/agora.xtec.cat\/ceipreixac\/wp-json\/wp\/v2\/types\/post"}],"author":[{"embeddable":true,"href":"https:\/\/agora.xtec.cat\/ceipreixac\/wp-json\/wp\/v2\/users\/8"}],"replies":[{"embeddable":true,"href":"https:\/\/agora.xtec.cat\/ceipreixac\/wp-json\/wp\/v2\/comments?post=13742"}],"version-history":[{"count":3,"href":"https:\/\/agora.xtec.cat\/ceipreixac\/wp-json\/wp\/v2\/posts\/13742\/revisions"}],"predecessor-version":[{"id":13799,"href":"https:\/\/agora.xtec.cat\/ceipreixac\/wp-json\/wp\/v2\/posts\/13742\/revisions\/13799"}],"wp:featuredmedia":[{"embeddable":true,"href":"https:\/\/agora.xtec.cat\/ceipreixac\/wp-json\/wp\/v2\/media\/13796"}],"wp:attachment":[{"href":"https:\/\/agora.xtec.cat\/ceipreixac\/wp-json\/wp\/v2\/media?parent=13742"}],"wp:term":[{"taxonomy":"category","embeddable":true,"href":"https:\/\/agora.xtec.cat\/ceipreixac\/wp-json\/wp\/v2\/categories?post=13742"},{"taxonomy":"post_tag","embeddable":true,"href":"https:\/\/agora.xtec.cat\/ceipreixac\/wp-json\/wp\/v2\/tags?post=13742"}],"curies":[{"name":"wp","href":"https:\/\/api.w.org\/{rel}","templated":true}]}}