{"id":13733,"date":"2021-04-22T18:45:47","date_gmt":"2021-04-22T16:45:47","guid":{"rendered":"http:\/\/agora.xtec.cat\/ceipreixac\/?p=13733"},"modified":"2021-04-22T18:45:47","modified_gmt":"2021-04-22T16:45:47","slug":"un-mes-amb-lanthony-browne","status":"publish","type":"post","link":"https:\/\/agora.xtec.cat\/ceipreixac\/portada\/un-mes-amb-lanthony-browne\/","title":{"rendered":"UN MES AMB L&#8217;ANTHONY BROWNE"},"content":{"rendered":"<p>L&#8217;il\u00b7lustrador i escriptor angl\u00e8s Anthony Browne ens <strong><em>visita\u00a0<\/em><\/strong>ja fa uns cursos de la m\u00e0 dels seus \u00e0lbums il\u00b7lustrats que, durant un mes, els nens i nenes de<strong> 5\u00e8<\/strong> tenen a l&#8217;abast a la seva classe, en pr\u00e9stec i gr\u00e0cies a la biblioteca Elisenda de Montcada.<\/p>\n<p>De primeres van mirant-los de re\u00fcll&#8230; &#8220;Aquests llibres s\u00f3n de petits!&#8221;, exclama alg\u00fa &#8230; Per\u00f2 quan comencen a llegir-los se&#8217;ls desplega la m\u00e0gia simiesca de l&#8217;autor, se&#8217;ls encomana el seu fi sentit de l&#8217;humor, la tendresa de les seves hist\u00f2ries, l&#8217;art a la vista i tamb\u00e9 amagat dels seus dibuixos i, sobretot, se&#8217;ls desperta la imaginaci\u00f3 i aprenen a estimar-lo, a ell i a les seves hist\u00f2ries.<\/p>\n<p>Durant un mes, cada classe ha compartit lectures, ha recreat les portades dels llibres que m\u00e9s els han agradat, han apr\u00e9s a mirar els quadres amb altres ulls o ha imaginat l&#8217;impossible amb simples <em>formes.\u00a0<\/em>L&#8217;activitat acaba amb una sortida a la biblioteca i un joc on ens acomiadem de l&#8217;autor, que restar\u00e0 amb nosaltres per sempre m\u00e9s, acompanyant-nos en la nostra biografia liter\u00e0ria.<\/p>\n<p>Gr\u00e0cies Anthony!<\/p>\n<p>Vols fer una ullada a les diferents activitats? CLICA LA PORTADA DEL LLIBRE PER A VEURE LES FOTOS DE LES ACTIVITATS DE LES TRES CLASSES.<\/p>\n<p><a href=\"https:\/\/drive.google.com\/drive\/folders\/13LmBRfLSWt8p8RssXKoQWkV-4DarByHl?usp=sharing\"><img loading=\"lazy\" decoding=\"async\" class=\"wp-image-13740 aligncenter\" src=\"https:\/\/agora.xtec.cat\/ceipreixac\/wp-content\/uploads\/usu1230\/2021\/03\/9786071609410.jpg\" alt=\"\" width=\"405\" height=\"465\" \/><\/a><\/p>\n<p>&nbsp;<\/p>\n<p>&nbsp;<\/p>\n<p>&nbsp;<\/p>\n","protected":false},"excerpt":{"rendered":"<p>L&#8217;Anthony Browne, de nou entre nosaltres!&hellip;  <a href=\"https:\/\/agora.xtec.cat\/ceipreixac\/portada\/un-mes-amb-lanthony-browne\/\" title=\"Read UN MES AMB L&#8217;ANTHONY BROWNE\">Llegeix m\u00e9s\u00bb<\/a><\/p>\n","protected":false},"author":8,"featured_media":13787,"comment_status":"open","ping_status":"closed","sticky":false,"template":"","format":"standard","meta":{"_bbp_topic_count":0,"_bbp_reply_count":0,"_bbp_total_topic_count":0,"_bbp_total_reply_count":0,"_bbp_voice_count":0,"_bbp_anonymous_reply_count":0,"_bbp_topic_count_hidden":0,"_bbp_reply_count_hidden":0,"_bbp_forum_subforum_count":0,"footnotes":""},"categories":[62,71,1],"tags":[111,86,122,110],"class_list":["post-13733","post","type-post","status-publish","format-standard","has-post-thumbnail","hentry","category-cicle-superior","category-general","category-portada","tag-animacio-lectora","tag-biblioteca","tag-cicle-superior","tag-educacio-artistica"],"post_mailing_queue_ids":[],"_links":{"self":[{"href":"https:\/\/agora.xtec.cat\/ceipreixac\/wp-json\/wp\/v2\/posts\/13733","targetHints":{"allow":["GET"]}}],"collection":[{"href":"https:\/\/agora.xtec.cat\/ceipreixac\/wp-json\/wp\/v2\/posts"}],"about":[{"href":"https:\/\/agora.xtec.cat\/ceipreixac\/wp-json\/wp\/v2\/types\/post"}],"author":[{"embeddable":true,"href":"https:\/\/agora.xtec.cat\/ceipreixac\/wp-json\/wp\/v2\/users\/8"}],"replies":[{"embeddable":true,"href":"https:\/\/agora.xtec.cat\/ceipreixac\/wp-json\/wp\/v2\/comments?post=13733"}],"version-history":[{"count":3,"href":"https:\/\/agora.xtec.cat\/ceipreixac\/wp-json\/wp\/v2\/posts\/13733\/revisions"}],"predecessor-version":[{"id":13795,"href":"https:\/\/agora.xtec.cat\/ceipreixac\/wp-json\/wp\/v2\/posts\/13733\/revisions\/13795"}],"wp:featuredmedia":[{"embeddable":true,"href":"https:\/\/agora.xtec.cat\/ceipreixac\/wp-json\/wp\/v2\/media\/13787"}],"wp:attachment":[{"href":"https:\/\/agora.xtec.cat\/ceipreixac\/wp-json\/wp\/v2\/media?parent=13733"}],"wp:term":[{"taxonomy":"category","embeddable":true,"href":"https:\/\/agora.xtec.cat\/ceipreixac\/wp-json\/wp\/v2\/categories?post=13733"},{"taxonomy":"post_tag","embeddable":true,"href":"https:\/\/agora.xtec.cat\/ceipreixac\/wp-json\/wp\/v2\/tags?post=13733"}],"curies":[{"name":"wp","href":"https:\/\/api.w.org\/{rel}","templated":true}]}}