{"id":13677,"date":"2021-03-09T13:16:46","date_gmt":"2021-03-09T12:16:46","guid":{"rendered":"http:\/\/agora.xtec.cat\/ceipreixac\/?p=13677"},"modified":"2021-03-10T12:32:53","modified_gmt":"2021-03-10T11:32:53","slug":"un-pas-mes-en-favor-de-la-inclusio","status":"publish","type":"post","link":"https:\/\/agora.xtec.cat\/ceipreixac\/portada\/un-pas-mes-en-favor-de-la-inclusio\/","title":{"rendered":"UN PAS M\u00c9S EN FAVOR DE LA INCLUSI\u00d3"},"content":{"rendered":"<p style=\"text-align: justify;\">Avui mateix la <em>Heidi<\/em> ha rebut de mans de la <em>Teresa Iba\u00f1ez<\/em>, mestra del CREDV CRE ONCE Barcelona, un exemplar del joc LEGO BRAILLE BRICKS. El Grup LEGO i la Fundaci\u00f3 ONCE en col.laboraci\u00f3 amb organitzacions i entitats representants del col.lectiu de persones amb discapacitat visual de diferents pa\u00efsos, han creat un material amb una metodologia que pret\u00e9n fer visible el braille mitjan\u00e7ant les tradicionals peces de LEGO. Aquest material compta amb peces amb els punts de signe generador del braille combinant en cada pe\u00e7a una lletra o car\u00e0cter en braille i que, a m\u00e9s, compta amb la seva equival\u00e8ncia impresa en tinta. Aquest material \u00e9s un recurs inclusiu per a l&#8217;aula en la qual l&#8217;alumnat amb i sense discapacitat visual pugui descobrir el braille, al mateix temps que comparteixen el joc.<\/p>\n<p style=\"text-align: justify;\">Si voleu con\u00e8ixer m\u00e9s a fons aquest material, podeu fer clic a sobre de <a href=\"https:\/\/www.legobraillebricks.com\/\" target=\"_blank\" rel=\"noopener noreferrer\">LEGO BRAILLE BRICKS<\/a>. A l&#8217;aula de <a href=\"https:\/\/drive.google.com\/file\/d\/1ooHlgjtcfJhwPYMU2VwSjPYYC_OIEIsc\/view?usp=sharing\" target=\"_blank\" rel=\"noopener noreferrer\">2nA<\/a>, ja han provat d&#8217;escriure el mom de tots els membres de l&#8217;aula amb aquest material.<\/p>\n<p>Moltes gr\u00e0cies a la Fundaci\u00f3. Un pas m\u00e9s, en favor de la inclusi\u00f3 al Reixac!<\/p>\n<p><img loading=\"lazy\" decoding=\"async\" class=\"alignleft size-large wp-image-13678\" src=\"https:\/\/agora.xtec.cat\/ceipreixac\/wp-content\/uploads\/usu1230\/2021\/03\/1615286798143-1024x578.jpg\" alt=\"\" width=\"1024\" height=\"578\" srcset=\"https:\/\/agora.xtec.cat\/ceipreixac\/wp-content\/uploads\/usu1230\/2021\/03\/1615286798143-1024x578.jpg 1024w, https:\/\/agora.xtec.cat\/ceipreixac\/wp-content\/uploads\/usu1230\/2021\/03\/1615286798143-300x169.jpg 300w, https:\/\/agora.xtec.cat\/ceipreixac\/wp-content\/uploads\/usu1230\/2021\/03\/1615286798143-768x434.jpg 768w, https:\/\/agora.xtec.cat\/ceipreixac\/wp-content\/uploads\/usu1230\/2021\/03\/1615286798143.jpg 1984w\" sizes=\"auto, (max-width: 1024px) 100vw, 1024px\" \/><\/p>\n","protected":false},"excerpt":{"rendered":"<p>Tots aprenem de tots, aquest \u00e9s l&#8217;aut\u00e8ntic miracle del m\u00f3n educatiu.&hellip;  <a href=\"https:\/\/agora.xtec.cat\/ceipreixac\/portada\/un-pas-mes-en-favor-de-la-inclusio\/\" title=\"Read UN PAS M\u00c9S EN FAVOR DE LA INCLUSI\u00d3\">Llegeix m\u00e9s\u00bb<\/a><\/p>\n","protected":false},"author":1,"featured_media":13678,"comment_status":"open","ping_status":"closed","sticky":false,"template":"","format":"standard","meta":{"_bbp_topic_count":0,"_bbp_reply_count":0,"_bbp_total_topic_count":0,"_bbp_total_reply_count":0,"_bbp_voice_count":0,"_bbp_anonymous_reply_count":0,"_bbp_topic_count_hidden":0,"_bbp_reply_count_hidden":0,"_bbp_forum_subforum_count":0,"footnotes":""},"categories":[71,1],"tags":[277,276],"class_list":["post-13677","post","type-post","status-publish","format-standard","has-post-thumbnail","hentry","category-general","category-portada","tag-inclusio","tag-once"],"post_mailing_queue_ids":[],"_links":{"self":[{"href":"https:\/\/agora.xtec.cat\/ceipreixac\/wp-json\/wp\/v2\/posts\/13677","targetHints":{"allow":["GET"]}}],"collection":[{"href":"https:\/\/agora.xtec.cat\/ceipreixac\/wp-json\/wp\/v2\/posts"}],"about":[{"href":"https:\/\/agora.xtec.cat\/ceipreixac\/wp-json\/wp\/v2\/types\/post"}],"author":[{"embeddable":true,"href":"https:\/\/agora.xtec.cat\/ceipreixac\/wp-json\/wp\/v2\/users\/1"}],"replies":[{"embeddable":true,"href":"https:\/\/agora.xtec.cat\/ceipreixac\/wp-json\/wp\/v2\/comments?post=13677"}],"version-history":[{"count":3,"href":"https:\/\/agora.xtec.cat\/ceipreixac\/wp-json\/wp\/v2\/posts\/13677\/revisions"}],"predecessor-version":[{"id":13687,"href":"https:\/\/agora.xtec.cat\/ceipreixac\/wp-json\/wp\/v2\/posts\/13677\/revisions\/13687"}],"wp:featuredmedia":[{"embeddable":true,"href":"https:\/\/agora.xtec.cat\/ceipreixac\/wp-json\/wp\/v2\/media\/13678"}],"wp:attachment":[{"href":"https:\/\/agora.xtec.cat\/ceipreixac\/wp-json\/wp\/v2\/media?parent=13677"}],"wp:term":[{"taxonomy":"category","embeddable":true,"href":"https:\/\/agora.xtec.cat\/ceipreixac\/wp-json\/wp\/v2\/categories?post=13677"},{"taxonomy":"post_tag","embeddable":true,"href":"https:\/\/agora.xtec.cat\/ceipreixac\/wp-json\/wp\/v2\/tags?post=13677"}],"curies":[{"name":"wp","href":"https:\/\/api.w.org\/{rel}","templated":true}]}}