{"id":13619,"date":"2021-02-18T09:00:04","date_gmt":"2021-02-18T08:00:04","guid":{"rendered":"http:\/\/agora.xtec.cat\/ceipreixac\/?p=13619"},"modified":"2021-02-17T18:22:59","modified_gmt":"2021-02-17T17:22:59","slug":"mes-enlla-dels-murs-3","status":"publish","type":"post","link":"https:\/\/agora.xtec.cat\/ceipreixac\/portada\/mes-enlla-dels-murs-3\/","title":{"rendered":"M\u00c9S ENLL\u00c0 DELS MURS"},"content":{"rendered":"<p style=\"text-align: justify;\">Des de ja fa unes setmanes, els grups de sis\u00e8 estan treballant al voltant del projecte &#8220;<em>M\u00e9s enll\u00e0 dels murs<\/em>&#8220;. Un t\u00edtol prou il.lustratiu, que ja evidencia que darrera hi ha tota una s\u00e8rie d&#8217;activitats al voltant de valors com la conviv\u00e8ncia, el respecte i la diversitat. Enguany, el format habitual que culminava en un espectacle art\u00edstic i emocional, passar\u00e0 a fer-se en format audiovisual. Una experi\u00e8ncia que compartirem de manera virtual amb els alumnes de l&#8217;escola institut El Viver. <a href=\"https:\/\/www.montcada.cat\/actualitat\/noticies\/mes-enlla-dels-murs-utilitzara-les-xarxes-socials-per-desenvolupar-enguany-el-projecte.html\" target=\"_blank\" rel=\"noopener noreferrer\">La Veu<\/a> ha fet ress\u00f2 en la seva darrera edici\u00f3. Us anirem informant a mida que evolucioni.<\/p>\n<p><a href=\"https:\/\/www.montcada.cat\/actualitat\/noticies\/mes-enlla-dels-murs-utilitzara-les-xarxes-socials-per-desenvolupar-enguany-el-projecte.html\" target=\"_blank\" rel=\"noopener noreferrer\"><img loading=\"lazy\" decoding=\"async\" class=\"wp-image-13620 aligncenter\" src=\"https:\/\/agora.xtec.cat\/ceipreixac\/wp-content\/uploads\/usu1230\/2021\/02\/escola-reixac1.jpg\" alt=\"\" width=\"597\" height=\"448\" srcset=\"https:\/\/agora.xtec.cat\/ceipreixac\/wp-content\/uploads\/usu1230\/2021\/02\/escola-reixac1.jpg 900w, https:\/\/agora.xtec.cat\/ceipreixac\/wp-content\/uploads\/usu1230\/2021\/02\/escola-reixac1-300x225.jpg 300w, https:\/\/agora.xtec.cat\/ceipreixac\/wp-content\/uploads\/usu1230\/2021\/02\/escola-reixac1-768x576.jpg 768w, https:\/\/agora.xtec.cat\/ceipreixac\/wp-content\/uploads\/usu1230\/2021\/02\/escola-reixac1-200x150.jpg 200w\" sizes=\"auto, (max-width: 597px) 100vw, 597px\" \/><\/a><\/p>\n","protected":false},"excerpt":{"rendered":"<p>Trencant murs, obrint ments!&hellip;  <a href=\"https:\/\/agora.xtec.cat\/ceipreixac\/portada\/mes-enlla-dels-murs-3\/\" title=\"Read M\u00c9S ENLL\u00c0 DELS MURS\">Llegeix m\u00e9s\u00bb<\/a><\/p>\n","protected":false},"author":1,"featured_media":13620,"comment_status":"open","ping_status":"closed","sticky":false,"template":"","format":"standard","meta":{"_bbp_topic_count":0,"_bbp_reply_count":0,"_bbp_total_topic_count":0,"_bbp_total_reply_count":0,"_bbp_voice_count":0,"_bbp_anonymous_reply_count":0,"_bbp_topic_count_hidden":0,"_bbp_reply_count_hidden":0,"_bbp_forum_subforum_count":0,"footnotes":""},"categories":[71,1],"tags":[98],"class_list":["post-13619","post","type-post","status-publish","format-standard","has-post-thumbnail","hentry","category-general","category-portada","tag-educacio-en-valors"],"post_mailing_queue_ids":[],"_links":{"self":[{"href":"https:\/\/agora.xtec.cat\/ceipreixac\/wp-json\/wp\/v2\/posts\/13619","targetHints":{"allow":["GET"]}}],"collection":[{"href":"https:\/\/agora.xtec.cat\/ceipreixac\/wp-json\/wp\/v2\/posts"}],"about":[{"href":"https:\/\/agora.xtec.cat\/ceipreixac\/wp-json\/wp\/v2\/types\/post"}],"author":[{"embeddable":true,"href":"https:\/\/agora.xtec.cat\/ceipreixac\/wp-json\/wp\/v2\/users\/1"}],"replies":[{"embeddable":true,"href":"https:\/\/agora.xtec.cat\/ceipreixac\/wp-json\/wp\/v2\/comments?post=13619"}],"version-history":[{"count":1,"href":"https:\/\/agora.xtec.cat\/ceipreixac\/wp-json\/wp\/v2\/posts\/13619\/revisions"}],"predecessor-version":[{"id":13621,"href":"https:\/\/agora.xtec.cat\/ceipreixac\/wp-json\/wp\/v2\/posts\/13619\/revisions\/13621"}],"wp:featuredmedia":[{"embeddable":true,"href":"https:\/\/agora.xtec.cat\/ceipreixac\/wp-json\/wp\/v2\/media\/13620"}],"wp:attachment":[{"href":"https:\/\/agora.xtec.cat\/ceipreixac\/wp-json\/wp\/v2\/media?parent=13619"}],"wp:term":[{"taxonomy":"category","embeddable":true,"href":"https:\/\/agora.xtec.cat\/ceipreixac\/wp-json\/wp\/v2\/categories?post=13619"},{"taxonomy":"post_tag","embeddable":true,"href":"https:\/\/agora.xtec.cat\/ceipreixac\/wp-json\/wp\/v2\/tags?post=13619"}],"curies":[{"name":"wp","href":"https:\/\/api.w.org\/{rel}","templated":true}]}}