{"id":13571,"date":"2021-02-12T20:14:46","date_gmt":"2021-02-12T19:14:46","guid":{"rendered":"http:\/\/agora.xtec.cat\/ceipreixac\/?p=13571"},"modified":"2021-02-12T20:14:46","modified_gmt":"2021-02-12T19:14:46","slug":"a-la-biblioteca-tenim-llibres-nous","status":"publish","type":"post","link":"https:\/\/agora.xtec.cat\/ceipreixac\/portada\/a-la-biblioteca-tenim-llibres-nous\/","title":{"rendered":"A LA BIBLIOTECA TENIM LLIBRES NOUS"},"content":{"rendered":"<p><span style=\"color: #ff0000\"><em><strong>US HEM DE DONAR UNA GRAN NOT\u00cdCIA!<\/strong><\/em><\/span><\/p>\n<p><a href=\"https:\/\/drive.google.com\/drive\/folders\/1RfTqqCzipPE-LJpPRABQ0UOB2djnUPn0?usp=sharing\"><img loading=\"lazy\" decoding=\"async\" class=\"wp-image-13574 alignleft\" src=\"https:\/\/agora.xtec.cat\/ceipreixac\/wp-content\/uploads\/usu1230\/2021\/02\/IMG_20210209_154537-300x225.jpg\" alt=\"\" width=\"428\" height=\"321\" srcset=\"https:\/\/agora.xtec.cat\/ceipreixac\/wp-content\/uploads\/usu1230\/2021\/02\/IMG_20210209_154537-300x225.jpg 300w, https:\/\/agora.xtec.cat\/ceipreixac\/wp-content\/uploads\/usu1230\/2021\/02\/IMG_20210209_154537-768x576.jpg 768w, https:\/\/agora.xtec.cat\/ceipreixac\/wp-content\/uploads\/usu1230\/2021\/02\/IMG_20210209_154537-1024x768.jpg 1024w, https:\/\/agora.xtec.cat\/ceipreixac\/wp-content\/uploads\/usu1230\/2021\/02\/IMG_20210209_154537-200x150.jpg 200w\" sizes=\"auto, (max-width: 428px) 100vw, 428px\" \/><\/a><\/p>\n<p>Han arribat a la biblioteca un munt de llibres <strong><span style=\"color: #ff6600\">nous de trinca<\/span> <\/strong>que fan goig de veure i que esperem que no pugueu deixar de llegir.<\/p>\n<p>Atenent les vostres demandes de l&#8217;any passat, el ratolins hem comprat, folrat i preparat, tot de llibres que<strong> <span style=\"color: #00ff00\">molt aviat podreu gaudir a les vostres classes.<\/span><\/strong><\/p>\n<p>No us imagineu quina feinada hem tingut! Per\u00f2 estem molt contentes i\u00a0 segures que us encantaran.<\/p>\n<p>I, per fer m\u00e9s emocionant el fet de llegir, haureu d&#8217;estar molt atents perqu\u00e8 molt aviat rebreu not\u00edcies <strong><span style=\"color: #ff6600\">d&#8217;un nou concurs<\/span><\/strong> que far\u00e0 que no pugueu parar de somniar, crear i imaginar&#8230;.. poseu els motors en marxa!!!!<\/p>\n<p>Si clicleu a l&#8217;imatge hi veureu tot el que hem comprat<\/p>\n<p>&nbsp;<\/p>\n<p>&nbsp;<\/p>\n<p>&nbsp;<\/p>\n","protected":false},"excerpt":{"rendered":"<p>A LA BIBLIOTECA TENIM LLIBRES NOUS&hellip;  <a href=\"https:\/\/agora.xtec.cat\/ceipreixac\/portada\/a-la-biblioteca-tenim-llibres-nous\/\" title=\"Read A LA BIBLIOTECA TENIM LLIBRES NOUS\">Llegeix m\u00e9s\u00bb<\/a><\/p>\n","protected":false},"author":8,"featured_media":13574,"comment_status":"open","ping_status":"closed","sticky":false,"template":"","format":"standard","meta":{"_bbp_topic_count":0,"_bbp_reply_count":0,"_bbp_total_topic_count":0,"_bbp_total_reply_count":0,"_bbp_voice_count":0,"_bbp_anonymous_reply_count":0,"_bbp_topic_count_hidden":0,"_bbp_reply_count_hidden":0,"_bbp_forum_subforum_count":0,"footnotes":""},"categories":[71,1],"tags":[86],"class_list":["post-13571","post","type-post","status-publish","format-standard","has-post-thumbnail","hentry","category-general","category-portada","tag-biblioteca"],"post_mailing_queue_ids":[],"_links":{"self":[{"href":"https:\/\/agora.xtec.cat\/ceipreixac\/wp-json\/wp\/v2\/posts\/13571","targetHints":{"allow":["GET"]}}],"collection":[{"href":"https:\/\/agora.xtec.cat\/ceipreixac\/wp-json\/wp\/v2\/posts"}],"about":[{"href":"https:\/\/agora.xtec.cat\/ceipreixac\/wp-json\/wp\/v2\/types\/post"}],"author":[{"embeddable":true,"href":"https:\/\/agora.xtec.cat\/ceipreixac\/wp-json\/wp\/v2\/users\/8"}],"replies":[{"embeddable":true,"href":"https:\/\/agora.xtec.cat\/ceipreixac\/wp-json\/wp\/v2\/comments?post=13571"}],"version-history":[{"count":2,"href":"https:\/\/agora.xtec.cat\/ceipreixac\/wp-json\/wp\/v2\/posts\/13571\/revisions"}],"predecessor-version":[{"id":13576,"href":"https:\/\/agora.xtec.cat\/ceipreixac\/wp-json\/wp\/v2\/posts\/13571\/revisions\/13576"}],"wp:featuredmedia":[{"embeddable":true,"href":"https:\/\/agora.xtec.cat\/ceipreixac\/wp-json\/wp\/v2\/media\/13574"}],"wp:attachment":[{"href":"https:\/\/agora.xtec.cat\/ceipreixac\/wp-json\/wp\/v2\/media?parent=13571"}],"wp:term":[{"taxonomy":"category","embeddable":true,"href":"https:\/\/agora.xtec.cat\/ceipreixac\/wp-json\/wp\/v2\/categories?post=13571"},{"taxonomy":"post_tag","embeddable":true,"href":"https:\/\/agora.xtec.cat\/ceipreixac\/wp-json\/wp\/v2\/tags?post=13571"}],"curies":[{"name":"wp","href":"https:\/\/api.w.org\/{rel}","templated":true}]}}