{"id":13460,"date":"2021-01-29T13:42:14","date_gmt":"2021-01-29T12:42:14","guid":{"rendered":"http:\/\/agora.xtec.cat\/ceipreixac\/?p=13460"},"modified":"2021-01-29T16:30:52","modified_gmt":"2021-01-29T15:30:52","slug":"inspirant-nos-en-la-igualtat","status":"publish","type":"post","link":"https:\/\/agora.xtec.cat\/ceipreixac\/portada\/inspirant-nos-en-la-igualtat\/","title":{"rendered":"INSPIRANT-NOS EN LA IGUALTAT"},"content":{"rendered":"<p>Des de fa uns anys, a cicle superior treballem de manera multidisciplinar el dia de la dona, que se celebra el 8 de mar\u00e7. A m\u00e9s a m\u00e9s, fa un parell de cursos que estem inscrits al programa &#8220;inspiring girls international&#8221;\u00a0 el qual es dedica a augmentar l&#8217;autoestima i l&#8217;ambici\u00f3 professional de les nenes a trav\u00e9s de xerrades amb dones volunt\u00e0ries de diferents perfils acad\u00e8mics i laborals.<\/p>\n<p>Enguany, hem comen\u00e7at amb la primera xerrada amb la Blanca Sabadell, enginyera qu\u00edmica a l&#8217;empresa CEPSA. El dimecres a la tarda ens vam connectar les tres classes de 5\u00e8 amb ella i des d&#8217; Huelva, on viu i treballa, ens va compartir la seva experi\u00e8ncia a la feina i tot el proc\u00e9s pel qual ha arribar a dedicar-se a la qu\u00edmica.<\/p>\n<p>La xerrada ha estat molt interessant i l&#8217;hem pogut fer moltes preguntes, a la vegada que ens ha donat molts consells i ens ha encoratjat a esfor\u00e7ar-nos i lluitar per arribar a ser el que volem.<\/p>\n<p>Al llarg del curs, tenim previst d&#8217;altres xerrades a 5\u00e8 i 6\u00e8 aix\u00ed com continuar treballant aquest tema des de l&#8217;\u00e0rea d&#8217;angl\u00e8s i valors.<\/p>\n<p><a href=\"https:\/\/drive.google.com\/drive\/folders\/1J3kEvTufuFsC5KnnA0RQl8OlZaLUwFhq?usp=sharing\"><img loading=\"lazy\" decoding=\"async\" class=\"alignnone size-medium wp-image-13462\" src=\"https:\/\/agora.xtec.cat\/ceipreixac\/wp-content\/uploads\/usu1230\/2021\/01\/IMG_0218-min-300x225.jpg\" alt=\"\" width=\"300\" height=\"225\" srcset=\"https:\/\/agora.xtec.cat\/ceipreixac\/wp-content\/uploads\/usu1230\/2021\/01\/IMG_0218-min-300x225.jpg 300w, https:\/\/agora.xtec.cat\/ceipreixac\/wp-content\/uploads\/usu1230\/2021\/01\/IMG_0218-min-768x576.jpg 768w, https:\/\/agora.xtec.cat\/ceipreixac\/wp-content\/uploads\/usu1230\/2021\/01\/IMG_0218-min-1024x768.jpg 1024w, https:\/\/agora.xtec.cat\/ceipreixac\/wp-content\/uploads\/usu1230\/2021\/01\/IMG_0218-min-200x150.jpg 200w\" sizes=\"auto, (max-width: 300px) 100vw, 300px\" \/><\/a><\/p>\n<p>&nbsp;<\/p>\n","protected":false},"excerpt":{"rendered":"<p>Inspirant les nostres noies&#8230;. i nois!&hellip;  <a href=\"https:\/\/agora.xtec.cat\/ceipreixac\/portada\/inspirant-nos-en-la-igualtat\/\" title=\"Read INSPIRANT-NOS EN LA IGUALTAT\">Llegeix m\u00e9s\u00bb<\/a><\/p>\n","protected":false},"author":8,"featured_media":13462,"comment_status":"open","ping_status":"closed","sticky":false,"template":"","format":"standard","meta":{"_bbp_topic_count":0,"_bbp_reply_count":0,"_bbp_total_topic_count":0,"_bbp_total_reply_count":0,"_bbp_voice_count":0,"_bbp_anonymous_reply_count":0,"_bbp_topic_count_hidden":0,"_bbp_reply_count_hidden":0,"_bbp_forum_subforum_count":0,"footnotes":""},"categories":[62,1],"tags":[59,122,84,98],"class_list":["post-13460","post","type-post","status-publish","format-standard","has-post-thumbnail","hentry","category-cicle-superior","category-portada","tag-activitats-destacades","tag-cicle-superior","tag-convidats-especials","tag-educacio-en-valors"],"post_mailing_queue_ids":[],"_links":{"self":[{"href":"https:\/\/agora.xtec.cat\/ceipreixac\/wp-json\/wp\/v2\/posts\/13460","targetHints":{"allow":["GET"]}}],"collection":[{"href":"https:\/\/agora.xtec.cat\/ceipreixac\/wp-json\/wp\/v2\/posts"}],"about":[{"href":"https:\/\/agora.xtec.cat\/ceipreixac\/wp-json\/wp\/v2\/types\/post"}],"author":[{"embeddable":true,"href":"https:\/\/agora.xtec.cat\/ceipreixac\/wp-json\/wp\/v2\/users\/8"}],"replies":[{"embeddable":true,"href":"https:\/\/agora.xtec.cat\/ceipreixac\/wp-json\/wp\/v2\/comments?post=13460"}],"version-history":[{"count":3,"href":"https:\/\/agora.xtec.cat\/ceipreixac\/wp-json\/wp\/v2\/posts\/13460\/revisions"}],"predecessor-version":[{"id":13469,"href":"https:\/\/agora.xtec.cat\/ceipreixac\/wp-json\/wp\/v2\/posts\/13460\/revisions\/13469"}],"wp:featuredmedia":[{"embeddable":true,"href":"https:\/\/agora.xtec.cat\/ceipreixac\/wp-json\/wp\/v2\/media\/13462"}],"wp:attachment":[{"href":"https:\/\/agora.xtec.cat\/ceipreixac\/wp-json\/wp\/v2\/media?parent=13460"}],"wp:term":[{"taxonomy":"category","embeddable":true,"href":"https:\/\/agora.xtec.cat\/ceipreixac\/wp-json\/wp\/v2\/categories?post=13460"},{"taxonomy":"post_tag","embeddable":true,"href":"https:\/\/agora.xtec.cat\/ceipreixac\/wp-json\/wp\/v2\/tags?post=13460"}],"curies":[{"name":"wp","href":"https:\/\/api.w.org\/{rel}","templated":true}]}}