{"id":13205,"date":"2020-11-21T08:21:32","date_gmt":"2020-11-21T07:21:32","guid":{"rendered":"http:\/\/agora.xtec.cat\/ceipreixac\/?p=13205"},"modified":"2020-11-21T08:25:44","modified_gmt":"2020-11-21T07:25:44","slug":"que-no-ens-amaguin-el-somriure","status":"publish","type":"post","link":"https:\/\/agora.xtec.cat\/ceipreixac\/portada\/que-no-ens-amaguin-el-somriure\/","title":{"rendered":"&#8220;QUE NO ENS AMAGUIN EL SOMRIURE&#8221;"},"content":{"rendered":"<p>Us compartim l&#8217;article que s&#8217;acaba de publicar al diari municipal, a on es fan ress\u00f2 d&#8217;una de les m\u00faltiples iniciatives que hem engegat aquest curs, motivada per l&#8217;excepcionalitat de la situaci\u00f3 sanit\u00e0ria que vivim. Moltes gr\u00e0cies a &#8220;La Veu&#8221;,\u00a0 per fer visible la tasca que portem a terme.<\/p>\n<p><img loading=\"lazy\" decoding=\"async\" class=\"alignleft size-full wp-image-13203\" src=\"https:\/\/agora.xtec.cat\/ceipreixac\/wp-content\/uploads\/usu1230\/2020\/11\/article-a-LA-VEU-de-Montcada.jpg\" alt=\"\" width=\"1010\" height=\"747\" srcset=\"https:\/\/agora.xtec.cat\/ceipreixac\/wp-content\/uploads\/usu1230\/2020\/11\/article-a-LA-VEU-de-Montcada.jpg 1010w, https:\/\/agora.xtec.cat\/ceipreixac\/wp-content\/uploads\/usu1230\/2020\/11\/article-a-LA-VEU-de-Montcada-300x222.jpg 300w, https:\/\/agora.xtec.cat\/ceipreixac\/wp-content\/uploads\/usu1230\/2020\/11\/article-a-LA-VEU-de-Montcada-768x568.jpg 768w\" sizes=\"auto, (max-width: 1010px) 100vw, 1010px\" \/><\/p>\n","protected":false},"excerpt":{"rendered":"<p>Us compartim l&#8217;article que s&#8217;acaba de publicar al diari municipal, a on es fan ress\u00f2 d&#8217;una de les m\u00faltiples iniciatives que hem engegat aquest curs, motivada per l&#8217;excepcionalitat de la situaci\u00f3 sanit\u00e0ria que vivim.&hellip;  <a href=\"https:\/\/agora.xtec.cat\/ceipreixac\/portada\/que-no-ens-amaguin-el-somriure\/\" title=\"Read &#8220;QUE NO ENS AMAGUIN EL SOMRIURE&#8221;\">Llegeix m\u00e9s\u00bb<\/a><\/p>\n","protected":false},"author":1,"featured_media":13203,"comment_status":"open","ping_status":"closed","sticky":false,"template":"","format":"standard","meta":{"_bbp_topic_count":0,"_bbp_reply_count":0,"_bbp_total_topic_count":0,"_bbp_total_reply_count":0,"_bbp_voice_count":0,"_bbp_anonymous_reply_count":0,"_bbp_topic_count_hidden":0,"_bbp_reply_count_hidden":0,"_bbp_forum_subforum_count":0,"footnotes":""},"categories":[71,1],"tags":[265,266],"class_list":["post-13205","post","type-post","status-publish","format-standard","has-post-thumbnail","hentry","category-general","category-portada","tag-convivencia-en-temps-de-pandemia","tag-premsa"],"post_mailing_queue_ids":[],"_links":{"self":[{"href":"https:\/\/agora.xtec.cat\/ceipreixac\/wp-json\/wp\/v2\/posts\/13205","targetHints":{"allow":["GET"]}}],"collection":[{"href":"https:\/\/agora.xtec.cat\/ceipreixac\/wp-json\/wp\/v2\/posts"}],"about":[{"href":"https:\/\/agora.xtec.cat\/ceipreixac\/wp-json\/wp\/v2\/types\/post"}],"author":[{"embeddable":true,"href":"https:\/\/agora.xtec.cat\/ceipreixac\/wp-json\/wp\/v2\/users\/1"}],"replies":[{"embeddable":true,"href":"https:\/\/agora.xtec.cat\/ceipreixac\/wp-json\/wp\/v2\/comments?post=13205"}],"version-history":[{"count":3,"href":"https:\/\/agora.xtec.cat\/ceipreixac\/wp-json\/wp\/v2\/posts\/13205\/revisions"}],"predecessor-version":[{"id":13208,"href":"https:\/\/agora.xtec.cat\/ceipreixac\/wp-json\/wp\/v2\/posts\/13205\/revisions\/13208"}],"wp:featuredmedia":[{"embeddable":true,"href":"https:\/\/agora.xtec.cat\/ceipreixac\/wp-json\/wp\/v2\/media\/13203"}],"wp:attachment":[{"href":"https:\/\/agora.xtec.cat\/ceipreixac\/wp-json\/wp\/v2\/media?parent=13205"}],"wp:term":[{"taxonomy":"category","embeddable":true,"href":"https:\/\/agora.xtec.cat\/ceipreixac\/wp-json\/wp\/v2\/categories?post=13205"},{"taxonomy":"post_tag","embeddable":true,"href":"https:\/\/agora.xtec.cat\/ceipreixac\/wp-json\/wp\/v2\/tags?post=13205"}],"curies":[{"name":"wp","href":"https:\/\/api.w.org\/{rel}","templated":true}]}}