{"id":12868,"date":"2020-05-09T18:05:02","date_gmt":"2020-05-09T16:05:02","guid":{"rendered":"http:\/\/agora.xtec.cat\/ceipreixac\/?p=12868"},"modified":"2020-05-11T11:19:41","modified_gmt":"2020-05-11T09:19:41","slug":"preinscripcio-2020-2021-2","status":"publish","type":"post","link":"https:\/\/agora.xtec.cat\/ceipreixac\/portada\/preinscripcio-2020-2021-2\/","title":{"rendered":"PREINSCRIPCI\u00d3 2020"},"content":{"rendered":"<p>Cliqueu a la foto per accedir a tota la informaci\u00f3 sobre la preinscripci\u00f3.<\/p>\n<p><a href=\"https:\/\/sites.google.com\/xtec.cat\/preinscripcio2020-2021\/p%C3%A1gina-principal\" target=\"_blank\" rel=\"noopener noreferrer\"><img loading=\"lazy\" decoding=\"async\" class=\"alignleft size-full wp-image-12877\" src=\"https:\/\/agora.xtec.cat\/ceipreixac\/wp-content\/uploads\/usu1230\/2020\/05\/titol-1.jpg\" alt=\"\" width=\"672\" height=\"340\" srcset=\"https:\/\/agora.xtec.cat\/ceipreixac\/wp-content\/uploads\/usu1230\/2020\/05\/titol-1.jpg 672w, https:\/\/agora.xtec.cat\/ceipreixac\/wp-content\/uploads\/usu1230\/2020\/05\/titol-1-300x152.jpg 300w\" sizes=\"auto, (max-width: 672px) 100vw, 672px\" \/><\/a><\/p>\n<p>&nbsp;<\/p>\n<p>&nbsp;<\/p>\n<p>&nbsp;<\/p>\n<p>&nbsp;<\/p>\n<p>&nbsp;<\/p>\n<p>&nbsp;<\/p>\n<p>&nbsp;<\/p>\n<p>&nbsp;<\/p>\n<p>Podeu accedir al v\u00eddeo de la Jornada de Portes Obertes clicant a l<a href=\"https:\/\/drive.google.com\/file\/d\/1TI9tyK5G3HVxT7-m-d9D5NjyIIVo1MgZ\/view\" target=\"_blank\" rel=\"noopener noreferrer\">&#8216;enlla\u00e7<\/a><\/p>\n<p>Podeu accedir a totes les Jornades de Portes Obertes dels centres de Montcada i Reixac clicant a l&#8217;<a href=\"https:\/\/www.montcada.cat\/temes\/educacio\/\" target=\"_blank\" rel=\"noopener noreferrer\">enlla\u00e7<\/a><\/p>\n<p>&nbsp;<\/p>\n","protected":false},"excerpt":{"rendered":"<p>TOTA LA INFORMACI\u00d3 SOBRE LA PREINSCRIPCI\u00d3 2020.&hellip;  <a href=\"https:\/\/agora.xtec.cat\/ceipreixac\/portada\/preinscripcio-2020-2021-2\/\" title=\"Read PREINSCRIPCI\u00d3 2020\">Llegeix m\u00e9s\u00bb<\/a><\/p>\n","protected":false},"author":1,"featured_media":12877,"comment_status":"open","ping_status":"closed","sticky":false,"template":"","format":"standard","meta":{"_bbp_topic_count":0,"_bbp_reply_count":0,"_bbp_total_topic_count":0,"_bbp_total_reply_count":0,"_bbp_voice_count":0,"_bbp_anonymous_reply_count":0,"_bbp_topic_count_hidden":0,"_bbp_reply_count_hidden":0,"_bbp_forum_subforum_count":0,"footnotes":""},"categories":[71,1],"tags":[181],"class_list":["post-12868","post","type-post","status-publish","format-standard","has-post-thumbnail","hentry","category-general","category-portada","tag-preinscripcio"],"post_mailing_queue_ids":[],"_links":{"self":[{"href":"https:\/\/agora.xtec.cat\/ceipreixac\/wp-json\/wp\/v2\/posts\/12868","targetHints":{"allow":["GET"]}}],"collection":[{"href":"https:\/\/agora.xtec.cat\/ceipreixac\/wp-json\/wp\/v2\/posts"}],"about":[{"href":"https:\/\/agora.xtec.cat\/ceipreixac\/wp-json\/wp\/v2\/types\/post"}],"author":[{"embeddable":true,"href":"https:\/\/agora.xtec.cat\/ceipreixac\/wp-json\/wp\/v2\/users\/1"}],"replies":[{"embeddable":true,"href":"https:\/\/agora.xtec.cat\/ceipreixac\/wp-json\/wp\/v2\/comments?post=12868"}],"version-history":[{"count":3,"href":"https:\/\/agora.xtec.cat\/ceipreixac\/wp-json\/wp\/v2\/posts\/12868\/revisions"}],"predecessor-version":[{"id":12883,"href":"https:\/\/agora.xtec.cat\/ceipreixac\/wp-json\/wp\/v2\/posts\/12868\/revisions\/12883"}],"wp:featuredmedia":[{"embeddable":true,"href":"https:\/\/agora.xtec.cat\/ceipreixac\/wp-json\/wp\/v2\/media\/12877"}],"wp:attachment":[{"href":"https:\/\/agora.xtec.cat\/ceipreixac\/wp-json\/wp\/v2\/media?parent=12868"}],"wp:term":[{"taxonomy":"category","embeddable":true,"href":"https:\/\/agora.xtec.cat\/ceipreixac\/wp-json\/wp\/v2\/categories?post=12868"},{"taxonomy":"post_tag","embeddable":true,"href":"https:\/\/agora.xtec.cat\/ceipreixac\/wp-json\/wp\/v2\/tags?post=12868"}],"curies":[{"name":"wp","href":"https:\/\/api.w.org\/{rel}","templated":true}]}}