{"id":12752,"date":"2020-04-23T21:44:15","date_gmt":"2020-04-23T19:44:15","guid":{"rendered":"http:\/\/agora.xtec.cat\/ceipreixac\/?p=12752"},"modified":"2020-04-23T21:44:15","modified_gmt":"2020-04-23T19:44:15","slug":"concurs-guanyat-un-punt-edicio-2020","status":"publish","type":"post","link":"https:\/\/agora.xtec.cat\/ceipreixac\/portada\/concurs-guanyat-un-punt-edicio-2020\/","title":{"rendered":"CONCURS &#8220;Guanya&#8217;t un punt&#8221;. Edici\u00f3 2020"},"content":{"rendered":"<p style=\"text-align: justify;\">Avui, i malgrat el confinament, s&#8217;ha pogut fer p\u00fablic el veredicte dels guanyadors al concurs &#8220;<em>Guanya&#8217;t un punt<\/em>&#8221; que organitza cada any la <em>Biblioteca de Montcada<\/em>. Aquest any ha arribat a la seva 31a edici\u00f3 i, tot i que haurem d&#8217;esperar a que es restableixin els equipaments municipals per ser impresos i distribu\u00efts, us deixem les <a href=\"https:\/\/drive.google.com\/file\/d\/1t73HT5pjxJ8JJxstP9kaqjjMQI9zrhOd\/view?usp=sharing\" target=\"_blank\" rel=\"noopener noreferrer\">mostres<\/a> perqu\u00e8 veieu quina imaginaci\u00f3 i creativitat tenen els infants i joves del nostre municipi. Enguany, s&#8217;han presentat 2050 participants i no volem ni imaginar la dif\u00edcil tasca que deu haver tingut el jurat per fer la selecci\u00f3 definitiva. Malgrat i que la decisi\u00f3 s&#8217;ha fet p\u00fablica avui, el jurat -format per professionals del disseny gr\u00e0fic i personal de les regidories de <em>Cultura i Patrimoni i de Comunicaci\u00f3 Municipal-<\/em>, ja es varen reunir abans del decret d&#8217;estat d&#8217;alarma. Per aix\u00f2, avui s&#8217;ha pogut fer p\u00fablic. Entre tots els premiats, destaquem els 10 alumnes de l&#8217;escola que han rebut alguna menci\u00f3 especial. Els diferenciem per categories:<\/p>\n<table style=\"width: 482px; height: 459px;\">\n<tbody>\n<tr style=\"height: 31px;\">\n<td style=\"width: 174px; height: 31px;\">Categoria <strong>A<\/strong> (Infantil)<\/td>\n<td style=\"width: 101px; height: 31px;\">Guanyadora<\/td>\n<td style=\"width: 197px; height: 31px;\">J\u00falia Bol\u00edvar\u00a0 (P5B)<\/td>\n<\/tr>\n<tr style=\"height: 95px;\">\n<td style=\"width: 174px; height: 151px;\" rowspan=\"2\">Categoria <strong>B<\/strong> (Inicial)<\/td>\n<td style=\"width: 101px; height: 95px;\">Guanyadors<\/td>\n<td style=\"width: 197px; height: 95px;\">H\u00e9ctor L\u00f3pez (1rB)<\/p>\n<p>Taha Taourarti (2nA)<\/td>\n<\/tr>\n<tr style=\"height: 56px;\">\n<td style=\"width: 101px; height: 56px;\">Acc\u00e8sit<\/td>\n<td style=\"width: 197px; height: 56px;\">Aleix Carriel (1rB)<\/td>\n<\/tr>\n<tr style=\"height: 95px;\">\n<td style=\"width: 174px; height: 151px;\" rowspan=\"2\">Categoria <strong>C<\/strong> (Mitj\u00e0)<\/td>\n<td style=\"width: 101px; height: 95px;\">Guanyadors<\/td>\n<td style=\"width: 197px; height: 95px;\">Albert Gisbert (3rB)<\/p>\n<p>Ilias Khamal (4tA)<\/td>\n<\/tr>\n<tr style=\"height: 56px;\">\n<td style=\"width: 101px; height: 56px;\">Acc\u00e8sit<\/td>\n<td style=\"width: 197px; height: 56px;\">Al\u00edcia Castilla (3rB)<\/td>\n<\/tr>\n<tr style=\"height: 31px;\">\n<td style=\"width: 174px; height: 126px;\" rowspan=\"2\">Categoria <strong>D<\/strong> (Superior)<\/td>\n<td style=\"width: 101px; height: 31px;\">Guanyadora<\/td>\n<td style=\"width: 197px; height: 31px;\">Soukaina Asakkach (6\u00e8A)<\/td>\n<\/tr>\n<tr style=\"height: 95px;\">\n<td style=\"width: 101px; height: 95px;\">Acc\u00e8sits<\/td>\n<td style=\"width: 197px; height: 95px;\">Candela Cend\u00f3n (6\u00e8B)<\/p>\n<p>Paula Gracia (6\u00e8B)<\/td>\n<\/tr>\n<\/tbody>\n<\/table>\n<p>Moltes felicitats a tots els participants i un reconeixement molt especial per a aquests deu destacats. <strong>Sou uns i unes artistes!<\/strong><\/p>\n","protected":false},"excerpt":{"rendered":"<p>Ja tenim el veredicte del concurs &#8220;Guanya&#8217;t un punt&#8221; d&#8217;aquest any.&hellip;  <a href=\"https:\/\/agora.xtec.cat\/ceipreixac\/portada\/concurs-guanyat-un-punt-edicio-2020\/\" title=\"Read CONCURS &#8220;Guanya&#8217;t un punt&#8221;. Edici\u00f3 2020\">Llegeix m\u00e9s\u00bb<\/a><\/p>\n","protected":false},"author":1,"featured_media":12753,"comment_status":"open","ping_status":"closed","sticky":false,"template":"","format":"standard","meta":{"_bbp_topic_count":0,"_bbp_reply_count":0,"_bbp_total_topic_count":0,"_bbp_total_reply_count":0,"_bbp_voice_count":0,"_bbp_anonymous_reply_count":0,"_bbp_topic_count_hidden":0,"_bbp_reply_count_hidden":0,"_bbp_forum_subforum_count":0,"footnotes":""},"categories":[71,1],"tags":[132],"class_list":["post-12752","post","type-post","status-publish","format-standard","has-post-thumbnail","hentry","category-general","category-portada","tag-guanyat-un-punt"],"post_mailing_queue_ids":[],"_links":{"self":[{"href":"https:\/\/agora.xtec.cat\/ceipreixac\/wp-json\/wp\/v2\/posts\/12752","targetHints":{"allow":["GET"]}}],"collection":[{"href":"https:\/\/agora.xtec.cat\/ceipreixac\/wp-json\/wp\/v2\/posts"}],"about":[{"href":"https:\/\/agora.xtec.cat\/ceipreixac\/wp-json\/wp\/v2\/types\/post"}],"author":[{"embeddable":true,"href":"https:\/\/agora.xtec.cat\/ceipreixac\/wp-json\/wp\/v2\/users\/1"}],"replies":[{"embeddable":true,"href":"https:\/\/agora.xtec.cat\/ceipreixac\/wp-json\/wp\/v2\/comments?post=12752"}],"version-history":[{"count":3,"href":"https:\/\/agora.xtec.cat\/ceipreixac\/wp-json\/wp\/v2\/posts\/12752\/revisions"}],"predecessor-version":[{"id":12771,"href":"https:\/\/agora.xtec.cat\/ceipreixac\/wp-json\/wp\/v2\/posts\/12752\/revisions\/12771"}],"wp:featuredmedia":[{"embeddable":true,"href":"https:\/\/agora.xtec.cat\/ceipreixac\/wp-json\/wp\/v2\/media\/12753"}],"wp:attachment":[{"href":"https:\/\/agora.xtec.cat\/ceipreixac\/wp-json\/wp\/v2\/media?parent=12752"}],"wp:term":[{"taxonomy":"category","embeddable":true,"href":"https:\/\/agora.xtec.cat\/ceipreixac\/wp-json\/wp\/v2\/categories?post=12752"},{"taxonomy":"post_tag","embeddable":true,"href":"https:\/\/agora.xtec.cat\/ceipreixac\/wp-json\/wp\/v2\/tags?post=12752"}],"curies":[{"name":"wp","href":"https:\/\/api.w.org\/{rel}","templated":true}]}}