{"id":12741,"date":"2020-04-22T09:13:25","date_gmt":"2020-04-22T07:13:25","guid":{"rendered":"http:\/\/agora.xtec.cat\/ceipreixac\/?p=12741"},"modified":"2020-04-22T13:21:03","modified_gmt":"2020-04-22T11:21:03","slug":"missatge-de-lalcaldessa-per-als-infants","status":"publish","type":"post","link":"https:\/\/agora.xtec.cat\/ceipreixac\/portada\/missatge-de-lalcaldessa-per-als-infants\/","title":{"rendered":"MISSATGE DE L&#8217;ALCALDESSA PER ALS INFANTS"},"content":{"rendered":"<p style=\"text-align: justify;\">Que la poblaci\u00f3 infantil est\u00e0 sent una aut\u00e8ntica hero\u00efna en aquesta situaci\u00f3, ho sabem. Han acceptat les imposicions sobtades dels adults, sense dret a revelar-se i\u00a0 estan complint amb les indicacions que els hi fem arribar, amb responsabilitat i entrega. De vegades, tamb\u00e9 amb una mica de resignaci\u00f3, cert.\u00a0 Per\u00f2 estem molt i molt orgullosos de vosaltres. Us ho diu tamb\u00e9 l&#8217;alcaldessa, <em>Laura Campos<\/em> i estem absolutament d&#8217;acord amb les seves paraules. Escolteu-la, si encara no ho heu fet. Tamb\u00e9 us deixem el <a href=\"https:\/\/drive.google.com\/file\/d\/1_eAgJakM7PYSO4QHWNG1Uyyx0Y5sGZ0X\/view?usp=sharing\" target=\"_blank\" rel=\"noopener noreferrer\">missatge escrit<\/a> per si voleu llegir-lo.<\/p>\n<p><iframe loading=\"lazy\" title=\"L&#039;alcaldessa transmet als infants un missatge de suport pel llarg confinament\" width=\"500\" height=\"281\" src=\"https:\/\/www.youtube.com\/embed\/EUKveTYyV8c?feature=oembed\" frameborder=\"0\" allow=\"accelerometer; autoplay; clipboard-write; encrypted-media; gyroscope; picture-in-picture; web-share\" referrerpolicy=\"strict-origin-when-cross-origin\" allowfullscreen><\/iframe><\/p>\n","protected":false},"excerpt":{"rendered":"<p>L&#8217;alcaldessa tamb\u00e9 adre\u00e7a unes paraules als nostres infants. Herois i hero\u00efnes sense capa!&hellip;  <a href=\"https:\/\/agora.xtec.cat\/ceipreixac\/portada\/missatge-de-lalcaldessa-per-als-infants\/\" title=\"Read MISSATGE DE L&#8217;ALCALDESSA PER ALS INFANTS\">Llegeix m\u00e9s\u00bb<\/a><\/p>\n","protected":false},"author":1,"featured_media":12743,"comment_status":"open","ping_status":"closed","sticky":false,"template":"","format":"standard","meta":{"_bbp_topic_count":0,"_bbp_reply_count":0,"_bbp_total_topic_count":0,"_bbp_total_reply_count":0,"_bbp_voice_count":0,"_bbp_anonymous_reply_count":0,"_bbp_topic_count_hidden":0,"_bbp_reply_count_hidden":0,"_bbp_forum_subforum_count":0,"footnotes":""},"categories":[71,1],"tags":[256,257],"class_list":["post-12741","post","type-post","status-publish","format-standard","has-post-thumbnail","hentry","category-general","category-portada","tag-activitats-municipi","tag-pla-educatiu-dentorn"],"post_mailing_queue_ids":[],"_links":{"self":[{"href":"https:\/\/agora.xtec.cat\/ceipreixac\/wp-json\/wp\/v2\/posts\/12741","targetHints":{"allow":["GET"]}}],"collection":[{"href":"https:\/\/agora.xtec.cat\/ceipreixac\/wp-json\/wp\/v2\/posts"}],"about":[{"href":"https:\/\/agora.xtec.cat\/ceipreixac\/wp-json\/wp\/v2\/types\/post"}],"author":[{"embeddable":true,"href":"https:\/\/agora.xtec.cat\/ceipreixac\/wp-json\/wp\/v2\/users\/1"}],"replies":[{"embeddable":true,"href":"https:\/\/agora.xtec.cat\/ceipreixac\/wp-json\/wp\/v2\/comments?post=12741"}],"version-history":[{"count":3,"href":"https:\/\/agora.xtec.cat\/ceipreixac\/wp-json\/wp\/v2\/posts\/12741\/revisions"}],"predecessor-version":[{"id":12747,"href":"https:\/\/agora.xtec.cat\/ceipreixac\/wp-json\/wp\/v2\/posts\/12741\/revisions\/12747"}],"wp:featuredmedia":[{"embeddable":true,"href":"https:\/\/agora.xtec.cat\/ceipreixac\/wp-json\/wp\/v2\/media\/12743"}],"wp:attachment":[{"href":"https:\/\/agora.xtec.cat\/ceipreixac\/wp-json\/wp\/v2\/media?parent=12741"}],"wp:term":[{"taxonomy":"category","embeddable":true,"href":"https:\/\/agora.xtec.cat\/ceipreixac\/wp-json\/wp\/v2\/categories?post=12741"},{"taxonomy":"post_tag","embeddable":true,"href":"https:\/\/agora.xtec.cat\/ceipreixac\/wp-json\/wp\/v2\/tags?post=12741"}],"curies":[{"name":"wp","href":"https:\/\/api.w.org\/{rel}","templated":true}]}}