{"id":12712,"date":"2020-04-17T18:29:13","date_gmt":"2020-04-17T16:29:13","guid":{"rendered":"http:\/\/agora.xtec.cat\/ceipreixac\/?p=12712"},"modified":"2020-04-17T18:29:13","modified_gmt":"2020-04-17T16:29:13","slug":"lajuntament-ja-es-prepara-per-la-diada","status":"publish","type":"post","link":"https:\/\/agora.xtec.cat\/ceipreixac\/portada\/lajuntament-ja-es-prepara-per-la-diada\/","title":{"rendered":"L&#8217;AJUNTAMENT JA ES PREPARA PER LA DIADA"},"content":{"rendered":"<p style=\"text-align: justify;\">Us compartim una iniciativa de l&#8217;<em>Associaci\u00f3 Juvenil La Ballesta<\/em>, en relaci\u00f3 a la propera <em>Diada de Sant Jordi<\/em> que, com ja imagineu, haur\u00e0 de ser en format virtual. Des del <em>Reixac<\/em> hem col.laborat hist\u00f2ricament amb aquesta entitat i hem participat en totes i cadascuna de les 20 edicions en que ha durat el concurs narratiu. En aquesta ocasi\u00f3, ens demanen que llegim un fragment d&#8217;algun dels relats que s&#8217;han publicat i el compartim amb l&#8217;etiqueta @MiRaSantJordi. Si esteu interessats en participar, trobareu tot la informaci\u00f3 a l&#8217;<a href=\"https:\/\/youtu.be\/z4GgkxtA6MY\" target=\"_blank\" rel=\"noopener noreferrer\">enlla\u00e7<\/a>.<\/p>\n<p style=\"text-align: justify;\">A m\u00e9s a m\u00e9s, l&#8217;Ajuntament tamb\u00e9 estan impulsant altres inicatives al voltant de la Diada, com ara: converses amb lectors del municipi, tallers de manualitats en l\u00ednia, balcons guarnits, parades de llibres casolanes. A la imatge hi trobareu tota la informaci\u00f3.<\/p>\n<p><a href=\"https:\/\/www.laveu.cat\/cultura.cfm\/id\/600723\/montcada-celebrara-diada-literaria-amb-activitats-tallers-virtuals.htm\" target=\"_blank\" rel=\"noopener noreferrer\"><img loading=\"lazy\" decoding=\"async\" class=\"alignleft size-full wp-image-12713\" src=\"https:\/\/agora.xtec.cat\/ceipreixac\/wp-content\/uploads\/usu1230\/2020\/04\/santjordi-retall.jpg\" alt=\"\" width=\"900\" height=\"571\" srcset=\"https:\/\/agora.xtec.cat\/ceipreixac\/wp-content\/uploads\/usu1230\/2020\/04\/santjordi-retall.jpg 900w, https:\/\/agora.xtec.cat\/ceipreixac\/wp-content\/uploads\/usu1230\/2020\/04\/santjordi-retall-300x190.jpg 300w, https:\/\/agora.xtec.cat\/ceipreixac\/wp-content\/uploads\/usu1230\/2020\/04\/santjordi-retall-768x487.jpg 768w\" sizes=\"auto, (max-width: 900px) 100vw, 900px\" \/><\/a><\/p>\n","protected":false},"excerpt":{"rendered":"<p>Us hi afegiu? Aquest any, la Diada ser\u00e0 virtual i l&#8217;Ajuntament ja ha comen\u00e7at a impulsar diverses iniciatives.&hellip;  <a href=\"https:\/\/agora.xtec.cat\/ceipreixac\/portada\/lajuntament-ja-es-prepara-per-la-diada\/\" title=\"Read L&#8217;AJUNTAMENT JA ES PREPARA PER LA DIADA\">Llegeix m\u00e9s\u00bb<\/a><\/p>\n","protected":false},"author":1,"featured_media":12713,"comment_status":"open","ping_status":"closed","sticky":false,"template":"","format":"standard","meta":{"_bbp_topic_count":0,"_bbp_reply_count":0,"_bbp_total_topic_count":0,"_bbp_total_reply_count":0,"_bbp_voice_count":0,"_bbp_anonymous_reply_count":0,"_bbp_topic_count_hidden":0,"_bbp_reply_count_hidden":0,"_bbp_forum_subforum_count":0,"footnotes":""},"categories":[71,1],"tags":[256,195,199],"class_list":["post-12712","post","type-post","status-publish","format-standard","has-post-thumbnail","hentry","category-general","category-portada","tag-activitats-municipi","tag-els-contes-den-sergi","tag-sant-jordi"],"post_mailing_queue_ids":[],"_links":{"self":[{"href":"https:\/\/agora.xtec.cat\/ceipreixac\/wp-json\/wp\/v2\/posts\/12712","targetHints":{"allow":["GET"]}}],"collection":[{"href":"https:\/\/agora.xtec.cat\/ceipreixac\/wp-json\/wp\/v2\/posts"}],"about":[{"href":"https:\/\/agora.xtec.cat\/ceipreixac\/wp-json\/wp\/v2\/types\/post"}],"author":[{"embeddable":true,"href":"https:\/\/agora.xtec.cat\/ceipreixac\/wp-json\/wp\/v2\/users\/1"}],"replies":[{"embeddable":true,"href":"https:\/\/agora.xtec.cat\/ceipreixac\/wp-json\/wp\/v2\/comments?post=12712"}],"version-history":[{"count":3,"href":"https:\/\/agora.xtec.cat\/ceipreixac\/wp-json\/wp\/v2\/posts\/12712\/revisions"}],"predecessor-version":[{"id":12717,"href":"https:\/\/agora.xtec.cat\/ceipreixac\/wp-json\/wp\/v2\/posts\/12712\/revisions\/12717"}],"wp:featuredmedia":[{"embeddable":true,"href":"https:\/\/agora.xtec.cat\/ceipreixac\/wp-json\/wp\/v2\/media\/12713"}],"wp:attachment":[{"href":"https:\/\/agora.xtec.cat\/ceipreixac\/wp-json\/wp\/v2\/media?parent=12712"}],"wp:term":[{"taxonomy":"category","embeddable":true,"href":"https:\/\/agora.xtec.cat\/ceipreixac\/wp-json\/wp\/v2\/categories?post=12712"},{"taxonomy":"post_tag","embeddable":true,"href":"https:\/\/agora.xtec.cat\/ceipreixac\/wp-json\/wp\/v2\/tags?post=12712"}],"curies":[{"name":"wp","href":"https:\/\/api.w.org\/{rel}","templated":true}]}}