{"id":12227,"date":"2019-12-20T13:24:24","date_gmt":"2019-12-20T12:24:24","guid":{"rendered":"http:\/\/agora.xtec.cat\/ceipreixac\/?p=12227"},"modified":"2019-12-20T13:24:24","modified_gmt":"2019-12-20T12:24:24","slug":"totspelbesos","status":"publish","type":"post","link":"https:\/\/agora.xtec.cat\/ceipreixac\/portada\/totspelbesos\/","title":{"rendered":"#TOTSPELBESOS"},"content":{"rendered":"<p>Com tothom sabeu, el passat dia 11 de desembre, un incendi en una nau de reciclatge de dissolvents i residus a Montorn\u00e8s del Vall\u00e8s va provocar un vessament contaminant al nostre preuat riu Bes\u00f2s.\u00a0 Tamb\u00e9, l&#8217;aigua utilitzada per extingir l&#8217;incendi, es va sumar com a contaminant a les aig\u00fces del riu.<\/p>\n<p>Avui no hem volgut marxar de l&#8217;escola sense mostrar a tothom el nostre crit un\u00e0nime per conscienciar a tothom sobre la import\u00e0ncia de la preservaci\u00f3 del planeta i especialment, del nostre riu Bes\u00f2s.<\/p>\n<p><img loading=\"lazy\" decoding=\"async\" class=\"size-large wp-image-12230 aligncenter\" src=\"https:\/\/agora.xtec.cat\/ceipreixac\/wp-content\/uploads\/usu1230\/2019\/12\/collageriu-1-1024x947.jpg\" alt=\"\" width=\"1024\" height=\"947\" srcset=\"https:\/\/agora.xtec.cat\/ceipreixac\/wp-content\/uploads\/usu1230\/2019\/12\/collageriu-1-1024x947.jpg 1024w, https:\/\/agora.xtec.cat\/ceipreixac\/wp-content\/uploads\/usu1230\/2019\/12\/collageriu-1-300x278.jpg 300w, https:\/\/agora.xtec.cat\/ceipreixac\/wp-content\/uploads\/usu1230\/2019\/12\/collageriu-1-768x710.jpg 768w, https:\/\/agora.xtec.cat\/ceipreixac\/wp-content\/uploads\/usu1230\/2019\/12\/collageriu-1.jpg 1200w\" sizes=\"auto, (max-width: 1024px) 100vw, 1024px\" \/><\/p>\n<p>&nbsp;<\/p>\n","protected":false},"excerpt":{"rendered":"<p>Crit un\u00e0nime d&#8217;alumnes i mestres pel Riu Bes\u00f2s i pel planeta.&hellip;  <a href=\"https:\/\/agora.xtec.cat\/ceipreixac\/portada\/totspelbesos\/\" title=\"Read #TOTSPELBESOS\">Llegeix m\u00e9s\u00bb<\/a><\/p>\n","protected":false},"author":1,"featured_media":12230,"comment_status":"open","ping_status":"closed","sticky":false,"template":"","format":"standard","meta":{"_bbp_topic_count":0,"_bbp_reply_count":0,"_bbp_total_topic_count":0,"_bbp_total_reply_count":0,"_bbp_voice_count":0,"_bbp_anonymous_reply_count":0,"_bbp_topic_count_hidden":0,"_bbp_reply_count_hidden":0,"_bbp_forum_subforum_count":0,"footnotes":""},"categories":[1],"tags":[236,235,234],"class_list":["post-12227","post","type-post","status-publish","format-standard","has-post-thumbnail","hentry","category-portada","tag-medioambient","tag-reinvidicacio","tag-riu-besos"],"post_mailing_queue_ids":[],"_links":{"self":[{"href":"https:\/\/agora.xtec.cat\/ceipreixac\/wp-json\/wp\/v2\/posts\/12227","targetHints":{"allow":["GET"]}}],"collection":[{"href":"https:\/\/agora.xtec.cat\/ceipreixac\/wp-json\/wp\/v2\/posts"}],"about":[{"href":"https:\/\/agora.xtec.cat\/ceipreixac\/wp-json\/wp\/v2\/types\/post"}],"author":[{"embeddable":true,"href":"https:\/\/agora.xtec.cat\/ceipreixac\/wp-json\/wp\/v2\/users\/1"}],"replies":[{"embeddable":true,"href":"https:\/\/agora.xtec.cat\/ceipreixac\/wp-json\/wp\/v2\/comments?post=12227"}],"version-history":[{"count":3,"href":"https:\/\/agora.xtec.cat\/ceipreixac\/wp-json\/wp\/v2\/posts\/12227\/revisions"}],"predecessor-version":[{"id":12242,"href":"https:\/\/agora.xtec.cat\/ceipreixac\/wp-json\/wp\/v2\/posts\/12227\/revisions\/12242"}],"wp:featuredmedia":[{"embeddable":true,"href":"https:\/\/agora.xtec.cat\/ceipreixac\/wp-json\/wp\/v2\/media\/12230"}],"wp:attachment":[{"href":"https:\/\/agora.xtec.cat\/ceipreixac\/wp-json\/wp\/v2\/media?parent=12227"}],"wp:term":[{"taxonomy":"category","embeddable":true,"href":"https:\/\/agora.xtec.cat\/ceipreixac\/wp-json\/wp\/v2\/categories?post=12227"},{"taxonomy":"post_tag","embeddable":true,"href":"https:\/\/agora.xtec.cat\/ceipreixac\/wp-json\/wp\/v2\/tags?post=12227"}],"curies":[{"name":"wp","href":"https:\/\/api.w.org\/{rel}","templated":true}]}}