{"id":11070,"date":"2019-02-14T17:03:59","date_gmt":"2019-02-14T16:03:59","guid":{"rendered":"http:\/\/agora.xtec.cat\/ceipreixac\/?p=11070"},"modified":"2019-02-16T17:54:08","modified_gmt":"2019-02-16T16:54:08","slug":"intercanvi-school-to-school-2","status":"publish","type":"post","link":"https:\/\/agora.xtec.cat\/ceipreixac\/portada\/intercanvi-school-to-school-2\/","title":{"rendered":"INTERCANVI &#8220;SCHOOL TO SCHOOL&#8221;"},"content":{"rendered":"<p style=\"text-align: justify;\">Despr\u00e9s d&#8217;unes quantes setmanes de treball dur de recerca, i de la redacci\u00f3 de v\u00e0rios textos i p\u00f2sters, els nens i nenes de 6\u00e8 han acabat el projecte d&#8217;interanvi &#8220;School to school&#8221;, amb la Fundaci\u00f3 Vicente Ferrer.<\/p>\n<p style=\"text-align: justify;\">Hem enviat una caixa amb tot el material que hem elaborat, a l&#8217;escola de refor\u00e7 FVF de la poblaci\u00f3 d&#8217;Agraharam, a Anantapur, estat d&#8217;Andhra Pradesh, al sudest de la \u00cdndia. La caixa contenia cartes i p\u00f2sters personals de cada alumne (&#8220;All about me&#8221;,\u00a0 &#8220;My Letter&#8221;), receptes familiars (&#8220;My recipe&#8221;), un c\u00f2mic on explicaven el seu dia a dia (&#8220;My day&#8221;), un escrit sobre com s&#8217;imaginen d&#8217;aqu\u00ed a uns anys (&#8220;When I am 20&#8221;), p\u00f2sters amb aspectes de la nostra cultura (Food\/Sports\/Beautiful places\/School, etc.). I tamb\u00e9 calendaris: de les dues classes, regal de l&#8217;AMPA, i un altre d&#8217;elaborat pels alumnes on han anotat dates importants i els seus aniversaris, \u00e9s clar!, il\u00b7lustrats amb fotos de Montcada.<\/p>\n<p style=\"text-align: justify;\">Paral\u00b7lelament, han realitzat un treball de recerca en llengua anglesa sobre aspectes de la \u00cdndia que volien saber, i que s&#8217;ha materialitzat en una petita i heterog\u00e8nia exposici\u00f3 que hem anomenat &#8220;What do we want to know about India?&#8221; (Qu\u00e8 volem saber de la \u00cdndia?):<\/p>\n<p style=\"text-align: justify;\">Sab\u00edeu que ens separan uns <strong>7.400 km<\/strong>, a <strong>Agraharam<\/strong> i a <strong>Montcada<\/strong>?\u00a0 I <strong>5&#8217;30<\/strong> hores m\u00e9s!<\/p>\n<p style=\"text-align: justify;\">Que la llengua que parlen \u00e9s el <strong>telugu<\/strong>:\u00a0<span lang=\"te\"><strong>\u0c39\u0c32\u0c4b<\/strong> vol dir <strong>Hola<\/strong>!<\/span><\/p>\n<p style=\"text-align: justify;\">A qu\u00e8 juguen els nens al carrer? I quins s\u00f3n els esports m\u00e9s populars?<\/p>\n<p style=\"text-align: justify;\">Com s&#8217;anomenen els seus vestits tan bonics?<\/p>\n<p style=\"text-align: justify;\">T\u00e9nen m\u00e9s d&#8217;un deu? Quan celebren festes i per qu\u00e8?<\/p>\n<p style=\"text-align: justify;\">Qu\u00e8 els agrada per menjar? etc.<\/p>\n<p style=\"text-align: justify;\">Estem molt contents de la feina feta i esperem amb il\u00b7lusi\u00f3 la caixa dels nostres companys indis!<a href=\"https:\/\/agora.xtec.cat\/ceipreixac\/wp-content\/uploads\/usu1230\/2019\/02\/collage-exposici\u00f3.jpg\"><img loading=\"lazy\" decoding=\"async\" class=\"alignnone size-large wp-image-11084\" src=\"https:\/\/agora.xtec.cat\/ceipreixac\/wp-content\/uploads\/usu1230\/2019\/02\/collage-exposici\u00f3-1024x1024.jpg\" alt=\"\" width=\"1024\" height=\"1024\" srcset=\"https:\/\/agora.xtec.cat\/ceipreixac\/wp-content\/uploads\/usu1230\/2019\/02\/collage-exposici\u00f3-1024x1024.jpg 1024w, https:\/\/agora.xtec.cat\/ceipreixac\/wp-content\/uploads\/usu1230\/2019\/02\/collage-exposici\u00f3-150x150.jpg 150w, https:\/\/agora.xtec.cat\/ceipreixac\/wp-content\/uploads\/usu1230\/2019\/02\/collage-exposici\u00f3-300x300.jpg 300w, https:\/\/agora.xtec.cat\/ceipreixac\/wp-content\/uploads\/usu1230\/2019\/02\/collage-exposici\u00f3-768x768.jpg 768w, https:\/\/agora.xtec.cat\/ceipreixac\/wp-content\/uploads\/usu1230\/2019\/02\/collage-exposici\u00f3.jpg 1200w\" sizes=\"auto, (max-width: 1024px) 100vw, 1024px\" \/><\/a><\/p>\n<p>&nbsp;<\/p>\n","protected":false},"excerpt":{"rendered":"<p>Ja hem enviat la nostra caixa a Agraharam!&hellip;  <a href=\"https:\/\/agora.xtec.cat\/ceipreixac\/portada\/intercanvi-school-to-school-2\/\" title=\"Read INTERCANVI &#8220;SCHOOL TO SCHOOL&#8221;\">Llegeix m\u00e9s\u00bb<\/a><\/p>\n","protected":false},"author":8,"featured_media":11076,"comment_status":"open","ping_status":"closed","sticky":false,"template":"","format":"standard","meta":{"_bbp_topic_count":0,"_bbp_reply_count":0,"_bbp_total_topic_count":0,"_bbp_total_reply_count":0,"_bbp_voice_count":0,"_bbp_anonymous_reply_count":0,"_bbp_topic_count_hidden":0,"_bbp_reply_count_hidden":0,"_bbp_forum_subforum_count":0,"footnotes":""},"categories":[62,1],"tags":[98,81,114],"class_list":["post-11070","post","type-post","status-publish","format-standard","has-post-thumbnail","hentry","category-cicle-superior","category-portada","tag-educacio-en-valors","tag-angles","tag-projectes"],"post_mailing_queue_ids":[],"_links":{"self":[{"href":"https:\/\/agora.xtec.cat\/ceipreixac\/wp-json\/wp\/v2\/posts\/11070","targetHints":{"allow":["GET"]}}],"collection":[{"href":"https:\/\/agora.xtec.cat\/ceipreixac\/wp-json\/wp\/v2\/posts"}],"about":[{"href":"https:\/\/agora.xtec.cat\/ceipreixac\/wp-json\/wp\/v2\/types\/post"}],"author":[{"embeddable":true,"href":"https:\/\/agora.xtec.cat\/ceipreixac\/wp-json\/wp\/v2\/users\/8"}],"replies":[{"embeddable":true,"href":"https:\/\/agora.xtec.cat\/ceipreixac\/wp-json\/wp\/v2\/comments?post=11070"}],"version-history":[{"count":3,"href":"https:\/\/agora.xtec.cat\/ceipreixac\/wp-json\/wp\/v2\/posts\/11070\/revisions"}],"predecessor-version":[{"id":11087,"href":"https:\/\/agora.xtec.cat\/ceipreixac\/wp-json\/wp\/v2\/posts\/11070\/revisions\/11087"}],"wp:featuredmedia":[{"embeddable":true,"href":"https:\/\/agora.xtec.cat\/ceipreixac\/wp-json\/wp\/v2\/media\/11076"}],"wp:attachment":[{"href":"https:\/\/agora.xtec.cat\/ceipreixac\/wp-json\/wp\/v2\/media?parent=11070"}],"wp:term":[{"taxonomy":"category","embeddable":true,"href":"https:\/\/agora.xtec.cat\/ceipreixac\/wp-json\/wp\/v2\/categories?post=11070"},{"taxonomy":"post_tag","embeddable":true,"href":"https:\/\/agora.xtec.cat\/ceipreixac\/wp-json\/wp\/v2\/tags?post=11070"}],"curies":[{"name":"wp","href":"https:\/\/api.w.org\/{rel}","templated":true}]}}