{"id":10107,"date":"2018-03-23T13:44:13","date_gmt":"2018-03-23T12:44:13","guid":{"rendered":"http:\/\/agora.xtec.cat\/ceipreixac\/?p=10107"},"modified":"2018-03-23T17:56:54","modified_gmt":"2018-03-23T16:56:54","slug":"matilda-tertulia-literaria-a-la-biblioteca","status":"publish","type":"post","link":"https:\/\/agora.xtec.cat\/ceipreixac\/portada\/matilda-tertulia-literaria-a-la-biblioteca\/","title":{"rendered":"MATILDA: TERT\u00daLIA LITER\u00c0RIA A LA BIBLIOTECA"},"content":{"rendered":"<p style=\"text-align: justify;\">Avui acabem el segon trimestre realitzant una tert\u00falia liter\u00e0ria a la Biblioteca de Montcada. Un cop hem llegit el llibre a l\u2019aula i hem anat comentant els successos m\u00e9s importants del llibre, hem fet una reflexi\u00f3 a la Biblioteca sobre el relat que explica Roald Dahl, all\u00f2 que m\u00e9s ens ha agradat i el que menys, les difer\u00e8ncies que hi ha entre el llibre i la pel\u00b7l\u00edcula, i finalment, si hi ha algun personatge que ens recordi a alg\u00fa proper a nosaltres.<\/p>\n<p style=\"text-align: justify;\">Hem compartit, juntament amb l\u2019Esther, grans comentaris i reflexions sobre el llibre de Matilda, una gran obra de Roald Dahl!<a href=\"https:\/\/photos.app.goo.gl\/lQnLEeYj5Kr9d2IH2\">\u00a0 <\/a><\/p>\n<p>&nbsp;<\/p>\n<p><a href=\"https:\/\/photos.app.goo.gl\/lQnLEeYj5Kr9d2IH2\" target=\"_blank\" rel=\"noopener noreferrer\"><img loading=\"lazy\" decoding=\"async\" class=\"aligncenter size-full wp-image-10108\" src=\"http:\/\/agora.xtec.cat\/ceipreixac\/wp-content\/uploads\/usu1230\/2018\/03\/Matilda-Quentin-Blake.jpg\" alt=\"\" width=\"500\" height=\"367\" srcset=\"https:\/\/agora.xtec.cat\/ceipreixac\/wp-content\/uploads\/usu1230\/2018\/03\/Matilda-Quentin-Blake.jpg 500w, https:\/\/agora.xtec.cat\/ceipreixac\/wp-content\/uploads\/usu1230\/2018\/03\/Matilda-Quentin-Blake-300x220.jpg 300w\" sizes=\"auto, (max-width: 500px) 100vw, 500px\" \/><\/a><\/p>\n<p>&nbsp;<\/p>\n","protected":false},"excerpt":{"rendered":"<p>Reflexionem sobre &#8220;Matilda&#8221;&#8230;&hellip;  <a href=\"https:\/\/agora.xtec.cat\/ceipreixac\/portada\/matilda-tertulia-literaria-a-la-biblioteca\/\" title=\"Read MATILDA: TERT\u00daLIA LITER\u00c0RIA A LA BIBLIOTECA\">Llegeix m\u00e9s\u00bb<\/a><\/p>\n","protected":false},"author":8,"featured_media":10108,"comment_status":"open","ping_status":"closed","sticky":false,"template":"","format":"standard","meta":{"_bbp_topic_count":0,"_bbp_reply_count":0,"_bbp_total_topic_count":0,"_bbp_total_reply_count":0,"_bbp_voice_count":0,"_bbp_anonymous_reply_count":0,"_bbp_topic_count_hidden":0,"_bbp_reply_count_hidden":0,"_bbp_forum_subforum_count":0,"footnotes":""},"categories":[62,1],"tags":[86,131,130,129],"class_list":["post-10107","post","type-post","status-publish","format-standard","has-post-thumbnail","hentry","category-cicle-superior","category-portada","tag-biblioteca","tag-lectura","tag-roald-dahl","tag-tertulia-literaria"],"post_mailing_queue_ids":[],"_links":{"self":[{"href":"https:\/\/agora.xtec.cat\/ceipreixac\/wp-json\/wp\/v2\/posts\/10107","targetHints":{"allow":["GET"]}}],"collection":[{"href":"https:\/\/agora.xtec.cat\/ceipreixac\/wp-json\/wp\/v2\/posts"}],"about":[{"href":"https:\/\/agora.xtec.cat\/ceipreixac\/wp-json\/wp\/v2\/types\/post"}],"author":[{"embeddable":true,"href":"https:\/\/agora.xtec.cat\/ceipreixac\/wp-json\/wp\/v2\/users\/8"}],"replies":[{"embeddable":true,"href":"https:\/\/agora.xtec.cat\/ceipreixac\/wp-json\/wp\/v2\/comments?post=10107"}],"version-history":[{"count":3,"href":"https:\/\/agora.xtec.cat\/ceipreixac\/wp-json\/wp\/v2\/posts\/10107\/revisions"}],"predecessor-version":[{"id":10119,"href":"https:\/\/agora.xtec.cat\/ceipreixac\/wp-json\/wp\/v2\/posts\/10107\/revisions\/10119"}],"wp:featuredmedia":[{"embeddable":true,"href":"https:\/\/agora.xtec.cat\/ceipreixac\/wp-json\/wp\/v2\/media\/10108"}],"wp:attachment":[{"href":"https:\/\/agora.xtec.cat\/ceipreixac\/wp-json\/wp\/v2\/media?parent=10107"}],"wp:term":[{"taxonomy":"category","embeddable":true,"href":"https:\/\/agora.xtec.cat\/ceipreixac\/wp-json\/wp\/v2\/categories?post=10107"},{"taxonomy":"post_tag","embeddable":true,"href":"https:\/\/agora.xtec.cat\/ceipreixac\/wp-json\/wp\/v2\/tags?post=10107"}],"curies":[{"name":"wp","href":"https:\/\/api.w.org\/{rel}","templated":true}]}}