{"id":10098,"date":"2018-03-23T15:00:24","date_gmt":"2018-03-23T14:00:24","guid":{"rendered":"http:\/\/agora.xtec.cat\/ceipreixac\/?p=10098"},"modified":"2018-03-23T17:56:45","modified_gmt":"2018-03-23T16:56:45","slug":"visita-al-parlament-de-catalunya","status":"publish","type":"post","link":"https:\/\/agora.xtec.cat\/ceipreixac\/portada\/visita-al-parlament-de-catalunya\/","title":{"rendered":"VISITA AL PARLAMENT DE CATALUNYA"},"content":{"rendered":"<p style=\"text-align: justify\">El passat dimecres dia 21, els alumnes de sis\u00e8 varem visitar el <em>Parlament de Catalunya<\/em>. Despr\u00e9s d&#8217;unes setmanes estudiant com s&#8217;organitza la nostra societat, les institucions que la formen i les compet\u00e8ncies que t\u00e9 cadascuna, varem poder trepitjar l&#8217;escenari per excel\u00b7l\u00e8ncia. A m\u00e9s a m\u00e9s, varem aprofitar per fer una passeig pel barri de la Ribera i varem descobrir altres indrets hist\u00f2rics de la ciutat: l&#8217;<em>Arc de Triomf<\/em>, el <em>Centre Cultural del Born<\/em>, la <em>Catedral de Santa Maria del Mar<\/em>, el <em>Fossar de les Moreres<\/em> i, com no, el parc de la Ciutadella. Mai una jornada havia aglutinat tanta hist\u00f2ria passada i, a la vegada, tan de futur. Al Parlament, varem coincidir amb diversos mitjans de comunicaci\u00f3 que seguien de ben a prop la trepidant actualitat pol\u00edtica del pa\u00eds. Una jornada inoblidable!<\/p>\n<p style=\"text-align: justify\"><a href=\"https:\/\/photos.app.goo.gl\/AMWM6LqmqvhX9wq03\" target=\"_blank\" rel=\"noopener noreferrer\"><img loading=\"lazy\" decoding=\"async\" class=\"alignnone size-large wp-image-10103\" src=\"http:\/\/agora.xtec.cat\/ceipreixac\/wp-content\/uploads\/usu1230\/2018\/03\/collage-7-1024x502.jpg\" alt=\"\" width=\"1024\" height=\"502\" srcset=\"https:\/\/agora.xtec.cat\/ceipreixac\/wp-content\/uploads\/usu1230\/2018\/03\/collage-7-1024x502.jpg 1024w, https:\/\/agora.xtec.cat\/ceipreixac\/wp-content\/uploads\/usu1230\/2018\/03\/collage-7-300x147.jpg 300w, https:\/\/agora.xtec.cat\/ceipreixac\/wp-content\/uploads\/usu1230\/2018\/03\/collage-7-768x376.jpg 768w, https:\/\/agora.xtec.cat\/ceipreixac\/wp-content\/uploads\/usu1230\/2018\/03\/collage-7.jpg 1200w\" sizes=\"auto, (max-width: 1024px) 100vw, 1024px\" \/><\/a><\/p>\n","protected":false},"excerpt":{"rendered":"<p>Per un dia, deixem les cadires de l&#8217;escola, i seiem als escons del Parlament.&hellip;  <a href=\"https:\/\/agora.xtec.cat\/ceipreixac\/portada\/visita-al-parlament-de-catalunya\/\" title=\"Read VISITA AL PARLAMENT DE CATALUNYA\">Llegeix m\u00e9s\u00bb<\/a><\/p>\n","protected":false},"author":8,"featured_media":10103,"comment_status":"open","ping_status":"closed","sticky":false,"template":"","format":"standard","meta":{"_bbp_topic_count":0,"_bbp_reply_count":0,"_bbp_total_topic_count":0,"_bbp_total_reply_count":0,"_bbp_voice_count":0,"_bbp_anonymous_reply_count":0,"_bbp_topic_count_hidden":0,"_bbp_reply_count_hidden":0,"_bbp_forum_subforum_count":0,"footnotes":""},"categories":[62,1],"tags":[128,16],"class_list":["post-10098","post","type-post","status-publish","format-standard","has-post-thumbnail","hentry","category-cicle-superior","category-portada","tag-parlament-de-catalunya","tag-sortides"],"post_mailing_queue_ids":[],"_links":{"self":[{"href":"https:\/\/agora.xtec.cat\/ceipreixac\/wp-json\/wp\/v2\/posts\/10098","targetHints":{"allow":["GET"]}}],"collection":[{"href":"https:\/\/agora.xtec.cat\/ceipreixac\/wp-json\/wp\/v2\/posts"}],"about":[{"href":"https:\/\/agora.xtec.cat\/ceipreixac\/wp-json\/wp\/v2\/types\/post"}],"author":[{"embeddable":true,"href":"https:\/\/agora.xtec.cat\/ceipreixac\/wp-json\/wp\/v2\/users\/8"}],"replies":[{"embeddable":true,"href":"https:\/\/agora.xtec.cat\/ceipreixac\/wp-json\/wp\/v2\/comments?post=10098"}],"version-history":[{"count":1,"href":"https:\/\/agora.xtec.cat\/ceipreixac\/wp-json\/wp\/v2\/posts\/10098\/revisions"}],"predecessor-version":[{"id":10104,"href":"https:\/\/agora.xtec.cat\/ceipreixac\/wp-json\/wp\/v2\/posts\/10098\/revisions\/10104"}],"wp:featuredmedia":[{"embeddable":true,"href":"https:\/\/agora.xtec.cat\/ceipreixac\/wp-json\/wp\/v2\/media\/10103"}],"wp:attachment":[{"href":"https:\/\/agora.xtec.cat\/ceipreixac\/wp-json\/wp\/v2\/media?parent=10098"}],"wp:term":[{"taxonomy":"category","embeddable":true,"href":"https:\/\/agora.xtec.cat\/ceipreixac\/wp-json\/wp\/v2\/categories?post=10098"},{"taxonomy":"post_tag","embeddable":true,"href":"https:\/\/agora.xtec.cat\/ceipreixac\/wp-json\/wp\/v2\/tags?post=10098"}],"curies":[{"name":"wp","href":"https:\/\/api.w.org\/{rel}","templated":true}]}}