{"id":8204,"date":"2023-02-21T20:06:15","date_gmt":"2023-02-21T19:06:15","guid":{"rendered":"https:\/\/agora.xtec.cat\/ceipramonfausiesteve\/?p=8204"},"modified":"2023-02-21T20:42:28","modified_gmt":"2023-02-21T19:42:28","slug":"us-ensenyem-els-espais-daprenentatge","status":"publish","type":"post","link":"https:\/\/agora.xtec.cat\/ceipramonfausiesteve\/general\/us-ensenyem-els-espais-daprenentatge\/","title":{"rendered":"US ENSENYEM ELS ESPAIS D&#8217;APRENENTATGE"},"content":{"rendered":"<p><strong>QU\u00c8 S\u00d3N?<\/strong><\/p>\n<p>A l&#8217;escola fem espais d&#8217;aprenentatge \ud83c\udf08, una metodologia que consisteix en una manera diferent d\u2019organitzar l&#8217;alumnat, l\u2019ambient i els materials per tal de propiciar i construir un lloc on d\u2019aprenentatge sorgeixi espont\u00e0niament a partir d&#8217;unes propostes. En aquests espais <strong>els infants s\u00f3n els protagonistes i constructors del seu propi aprenentatge<\/strong> \ud83d\udca1.<\/p>\n<p><strong>COM?<\/strong><\/p>\n<p>Els espais s\u00f3n <strong>internivell<\/strong>, entre l&#8217;alumnat d&#8217;I3, I4 i I5 \ud83d\udc6b\ud83d\udc6b, <span class=\"S1PPyQ\">ja que considerem que el fet de compartir unes activitats, temps i espai fomenta actituds responsables, autonomia i aprenentatge entre els infants. A m\u00e9s, l&#8217;elecci\u00f3 de l&#8217;espai \u00e9s <strong>lliure<\/strong>, pel fet que s\u00f3n<\/span> els mateixos infants qui el mateix dia escullen a partir del seu inter\u00e8s a quin espai volen anar dins de les possibilitats plantejades.<\/p>\n<p><strong>QUINS ESPAIS?<\/strong><\/p>\n<p>Durant aquest curs tenim <strong>vuit propostes d&#8217;espais<\/strong>, us els ensenyem en aquest v\u00eddeo <a href=\"https:\/\/drive.google.com\/file\/d\/1kHzRBEq8KqvyP3l-91j8bRQufUJ3BXFd\/view?usp=sharing\">AQU\u00cd<\/a>.<\/p>\n<p><a href=\"https:\/\/drive.google.com\/file\/d\/1kHzRBEq8KqvyP3l-91j8bRQufUJ3BXFd\/view?usp=sharing\"><img loading=\"lazy\" decoding=\"async\" class=\"wp-image-8211 aligncenter\" src=\"https:\/\/agora.xtec.cat\/ceipramonfausiesteve\/wp-content\/uploads\/usu1656\/2023\/02\/ESPAIS-1.jpg\" alt=\"\" width=\"502\" height=\"355\" srcset=\"https:\/\/agora.xtec.cat\/ceipramonfausiesteve\/wp-content\/uploads\/usu1656\/2023\/02\/ESPAIS-1.jpg 1250w, https:\/\/agora.xtec.cat\/ceipramonfausiesteve\/wp-content\/uploads\/usu1656\/2023\/02\/ESPAIS-1-300x212.jpg 300w, https:\/\/agora.xtec.cat\/ceipramonfausiesteve\/wp-content\/uploads\/usu1656\/2023\/02\/ESPAIS-1-1024x724.jpg 1024w, https:\/\/agora.xtec.cat\/ceipramonfausiesteve\/wp-content\/uploads\/usu1656\/2023\/02\/ESPAIS-1-768x543.jpg 768w\" sizes=\"auto, (max-width: 502px) 100vw, 502px\" \/><\/a><\/p>\n<p>&nbsp;<\/p>\n<p>&nbsp;<\/p>\n","protected":false},"excerpt":{"rendered":"<p>QU\u00c8 S\u00d3N? A l&#8217;escola fem espais d&#8217;aprenentatge \ud83c\udf08, una metodologia que consisteix en una manera diferent d\u2019organitzar l&#8217;alumnat, l\u2019ambient i els materials per tal de propiciar i construir un lloc on d\u2019aprenentatge sorgeixi espont\u00e0niament a partir d&#8217;unes propostes. En aquests espais els infants s\u00f3n els protagonistes i constructors del seu propi aprenentatge \ud83d\udca1. COM? Els [&hellip;]<\/p>\n","protected":false},"author":4,"featured_media":8216,"comment_status":"open","ping_status":"closed","sticky":false,"template":"","format":"standard","meta":{"_bbp_topic_count":0,"_bbp_reply_count":0,"_bbp_total_topic_count":0,"_bbp_total_reply_count":0,"_bbp_voice_count":0,"_bbp_anonymous_reply_count":0,"_bbp_topic_count_hidden":0,"_bbp_reply_count_hidden":0,"_bbp_forum_subforum_count":0,"site-sidebar-layout":"default","site-content-layout":"","ast-site-content-layout":"","site-content-style":"default","site-sidebar-style":"default","ast-global-header-display":"","ast-banner-title-visibility":"","ast-main-header-display":"","ast-hfb-above-header-display":"","ast-hfb-below-header-display":"","ast-hfb-mobile-header-display":"","site-post-title":"","ast-breadcrumbs-content":"","ast-featured-img":"","footer-sml-layout":"","theme-transparent-header-meta":"","adv-header-id-meta":"","stick-header-meta":"","header-above-stick-meta":"","header-main-stick-meta":"","header-below-stick-meta":"","astra-migrate-meta-layouts":"default","ast-page-background-enabled":"default","ast-page-background-meta":{"desktop":{"background-color":"var(--ast-global-color-4)","background-image":"","background-repeat":"repeat","background-position":"center center","background-size":"auto","background-attachment":"scroll","background-type":"","background-media":"","overlay-type":"","overlay-color":"","overlay-opacity":"","overlay-gradient":""},"tablet":{"background-color":"","background-image":"","background-repeat":"repeat","background-position":"center center","background-size":"auto","background-attachment":"scroll","background-type":"","background-media":"","overlay-type":"","overlay-color":"","overlay-opacity":"","overlay-gradient":""},"mobile":{"background-color":"","background-image":"","background-repeat":"repeat","background-position":"center center","background-size":"auto","background-attachment":"scroll","background-type":"","background-media":"","overlay-type":"","overlay-color":"","overlay-opacity":"","overlay-gradient":""}},"ast-content-background-meta":{"desktop":{"background-color":"var(--ast-global-color-5)","background-image":"","background-repeat":"repeat","background-position":"center center","background-size":"auto","background-attachment":"scroll","background-type":"","background-media":"","overlay-type":"","overlay-color":"","overlay-opacity":"","overlay-gradient":""},"tablet":{"background-color":"var(--ast-global-color-5)","background-image":"","background-repeat":"repeat","background-position":"center center","background-size":"auto","background-attachment":"scroll","background-type":"","background-media":"","overlay-type":"","overlay-color":"","overlay-opacity":"","overlay-gradient":""},"mobile":{"background-color":"var(--ast-global-color-5)","background-image":"","background-repeat":"repeat","background-position":"center center","background-size":"auto","background-attachment":"scroll","background-type":"","background-media":"","overlay-type":"","overlay-color":"","overlay-opacity":"","overlay-gradient":""}},"footnotes":""},"categories":[60,1],"tags":[],"class_list":["post-8204","post","type-post","status-publish","format-standard","has-post-thumbnail","hentry","category-educacio-infantil","category-general"],"post_mailing_queue_ids":[],"_links":{"self":[{"href":"https:\/\/agora.xtec.cat\/ceipramonfausiesteve\/wp-json\/wp\/v2\/posts\/8204","targetHints":{"allow":["GET"]}}],"collection":[{"href":"https:\/\/agora.xtec.cat\/ceipramonfausiesteve\/wp-json\/wp\/v2\/posts"}],"about":[{"href":"https:\/\/agora.xtec.cat\/ceipramonfausiesteve\/wp-json\/wp\/v2\/types\/post"}],"author":[{"embeddable":true,"href":"https:\/\/agora.xtec.cat\/ceipramonfausiesteve\/wp-json\/wp\/v2\/users\/4"}],"replies":[{"embeddable":true,"href":"https:\/\/agora.xtec.cat\/ceipramonfausiesteve\/wp-json\/wp\/v2\/comments?post=8204"}],"version-history":[{"count":3,"href":"https:\/\/agora.xtec.cat\/ceipramonfausiesteve\/wp-json\/wp\/v2\/posts\/8204\/revisions"}],"predecessor-version":[{"id":8217,"href":"https:\/\/agora.xtec.cat\/ceipramonfausiesteve\/wp-json\/wp\/v2\/posts\/8204\/revisions\/8217"}],"wp:featuredmedia":[{"embeddable":true,"href":"https:\/\/agora.xtec.cat\/ceipramonfausiesteve\/wp-json\/wp\/v2\/media\/8216"}],"wp:attachment":[{"href":"https:\/\/agora.xtec.cat\/ceipramonfausiesteve\/wp-json\/wp\/v2\/media?parent=8204"}],"wp:term":[{"taxonomy":"category","embeddable":true,"href":"https:\/\/agora.xtec.cat\/ceipramonfausiesteve\/wp-json\/wp\/v2\/categories?post=8204"},{"taxonomy":"post_tag","embeddable":true,"href":"https:\/\/agora.xtec.cat\/ceipramonfausiesteve\/wp-json\/wp\/v2\/tags?post=8204"}],"curies":[{"name":"wp","href":"https:\/\/api.w.org\/{rel}","templated":true}]}}