{"id":6149,"date":"2021-05-19T15:51:35","date_gmt":"2021-05-19T13:51:35","guid":{"rendered":"http:\/\/agora.xtec.cat\/ceipramonfausiesteve\/?p=6149"},"modified":"2022-12-01T18:24:25","modified_gmt":"2022-12-01T17:24:25","slug":"mirades","status":"publish","type":"post","link":"https:\/\/agora.xtec.cat\/ceipramonfausiesteve\/portada\/mirades\/","title":{"rendered":"Exposici\u00f3 Mirades"},"content":{"rendered":"<p style=\"font-weight: 400;\"><strong><a href=\"https:\/\/agora.xtec.cat\/ceipramonfausiesteve\/wp-content\/uploads\/usu1656\/2021\/05\/MIRADES.jpg\"><img loading=\"lazy\" decoding=\"async\" class=\"wp-image-6150 alignleft\" src=\"https:\/\/agora.xtec.cat\/ceipramonfausiesteve\/wp-content\/uploads\/usu1656\/2021\/05\/MIRADES.jpg\" alt=\"\" width=\"209\" height=\"296\" srcset=\"https:\/\/agora.xtec.cat\/ceipramonfausiesteve\/wp-content\/uploads\/usu1656\/2021\/05\/MIRADES.jpg 1587w, https:\/\/agora.xtec.cat\/ceipramonfausiesteve\/wp-content\/uploads\/usu1656\/2021\/05\/MIRADES-212x300.jpg 212w, https:\/\/agora.xtec.cat\/ceipramonfausiesteve\/wp-content\/uploads\/usu1656\/2021\/05\/MIRADES-768x1086.jpg 768w, https:\/\/agora.xtec.cat\/ceipramonfausiesteve\/wp-content\/uploads\/usu1656\/2021\/05\/MIRADES-724x1024.jpg 724w\" sizes=\"auto, (max-width: 209px) 100vw, 209px\" \/><\/a>Des del proper 26 de maig i fins al 6 de juny us animem a passejar per la Rambla i visitar l\u2019exposici\u00f3 MIRADES que recull la mirada de tot l\u2019alumnat dels centres educatius i dels avis i \u00e0vies de la Fundaci\u00f3 Bon\u00c0rea.<\/strong><\/p>\n<p style=\"font-weight: 400;\"><strong>A m\u00e9s, el dia 29 us convidem de gaudir amb calma de l\u2019exposici\u00f3 i del seu entorn, per fer-ho us prepararem d\u2019un mat\u00ed l\u00fadic amb jocs gegants i jocs tradicionals a c\u00e0rrec de LA XARRANCA, acompanyat d\u2019un espai on podreu fer EL VERMUT amb els KUARTOS96 a l\u2019entorn del Parc de Fluvi\u00e0 (lliure de cotxes)<\/strong><\/p>\n<p style=\"font-weight: 400;\"><strong>Us animem a sortir, a gaudir del mat\u00ed de dissabte en familia, visitar l\u2019exposici\u00f3, jugar i fer el vermut.<\/strong><\/p>\n<p style=\"font-weight: 400;\"><strong>Us agrada la proposta?<\/strong><\/p>\n","protected":false},"excerpt":{"rendered":"<p>Des del proper 26 de maig i fins al 6 de juny us animem a passejar per la Rambla i visitar l\u2019exposici\u00f3 MIRADES que recull la mirada de tot l\u2019alumnat dels centres educatius i dels avis i \u00e0vies de la Fundaci\u00f3 Bon\u00c0rea. A m\u00e9s, el dia 29 us convidem de gaudir amb calma de l\u2019exposici\u00f3 [&hellip;]<\/p>\n","protected":false},"author":1,"featured_media":6150,"comment_status":"open","ping_status":"closed","sticky":false,"template":"","format":"standard","meta":{"_bbp_topic_count":0,"_bbp_reply_count":0,"_bbp_total_topic_count":0,"_bbp_total_reply_count":0,"_bbp_voice_count":0,"_bbp_anonymous_reply_count":0,"_bbp_topic_count_hidden":0,"_bbp_reply_count_hidden":0,"_bbp_forum_subforum_count":0,"site-sidebar-layout":"default","site-content-layout":"","ast-site-content-layout":"","site-content-style":"default","site-sidebar-style":"default","ast-global-header-display":"","ast-banner-title-visibility":"","ast-main-header-display":"","ast-hfb-above-header-display":"","ast-hfb-below-header-display":"","ast-hfb-mobile-header-display":"","site-post-title":"","ast-breadcrumbs-content":"","ast-featured-img":"","footer-sml-layout":"","theme-transparent-header-meta":"","adv-header-id-meta":"","stick-header-meta":"","header-above-stick-meta":"","header-main-stick-meta":"","header-below-stick-meta":"","astra-migrate-meta-layouts":"default","ast-page-background-enabled":"default","ast-page-background-meta":{"desktop":{"background-color":"var(--ast-global-color-4)","background-image":"","background-repeat":"repeat","background-position":"center center","background-size":"auto","background-attachment":"scroll","background-type":"","background-media":"","overlay-type":"","overlay-color":"","overlay-opacity":"","overlay-gradient":""},"tablet":{"background-color":"","background-image":"","background-repeat":"repeat","background-position":"center center","background-size":"auto","background-attachment":"scroll","background-type":"","background-media":"","overlay-type":"","overlay-color":"","overlay-opacity":"","overlay-gradient":""},"mobile":{"background-color":"","background-image":"","background-repeat":"repeat","background-position":"center center","background-size":"auto","background-attachment":"scroll","background-type":"","background-media":"","overlay-type":"","overlay-color":"","overlay-opacity":"","overlay-gradient":""}},"ast-content-background-meta":{"desktop":{"background-color":"var(--ast-global-color-5)","background-image":"","background-repeat":"repeat","background-position":"center center","background-size":"auto","background-attachment":"scroll","background-type":"","background-media":"","overlay-type":"","overlay-color":"","overlay-opacity":"","overlay-gradient":""},"tablet":{"background-color":"var(--ast-global-color-5)","background-image":"","background-repeat":"repeat","background-position":"center center","background-size":"auto","background-attachment":"scroll","background-type":"","background-media":"","overlay-type":"","overlay-color":"","overlay-opacity":"","overlay-gradient":""},"mobile":{"background-color":"var(--ast-global-color-5)","background-image":"","background-repeat":"repeat","background-position":"center center","background-size":"auto","background-attachment":"scroll","background-type":"","background-media":"","overlay-type":"","overlay-color":"","overlay-opacity":"","overlay-gradient":""}},"footnotes":""},"categories":[4],"tags":[],"class_list":["post-6149","post","type-post","status-publish","format-standard","has-post-thumbnail","hentry","category-portada"],"post_mailing_queue_ids":[],"_links":{"self":[{"href":"https:\/\/agora.xtec.cat\/ceipramonfausiesteve\/wp-json\/wp\/v2\/posts\/6149","targetHints":{"allow":["GET"]}}],"collection":[{"href":"https:\/\/agora.xtec.cat\/ceipramonfausiesteve\/wp-json\/wp\/v2\/posts"}],"about":[{"href":"https:\/\/agora.xtec.cat\/ceipramonfausiesteve\/wp-json\/wp\/v2\/types\/post"}],"author":[{"embeddable":true,"href":"https:\/\/agora.xtec.cat\/ceipramonfausiesteve\/wp-json\/wp\/v2\/users\/1"}],"replies":[{"embeddable":true,"href":"https:\/\/agora.xtec.cat\/ceipramonfausiesteve\/wp-json\/wp\/v2\/comments?post=6149"}],"version-history":[{"count":3,"href":"https:\/\/agora.xtec.cat\/ceipramonfausiesteve\/wp-json\/wp\/v2\/posts\/6149\/revisions"}],"predecessor-version":[{"id":6153,"href":"https:\/\/agora.xtec.cat\/ceipramonfausiesteve\/wp-json\/wp\/v2\/posts\/6149\/revisions\/6153"}],"wp:featuredmedia":[{"embeddable":true,"href":"https:\/\/agora.xtec.cat\/ceipramonfausiesteve\/wp-json\/wp\/v2\/media\/6150"}],"wp:attachment":[{"href":"https:\/\/agora.xtec.cat\/ceipramonfausiesteve\/wp-json\/wp\/v2\/media?parent=6149"}],"wp:term":[{"taxonomy":"category","embeddable":true,"href":"https:\/\/agora.xtec.cat\/ceipramonfausiesteve\/wp-json\/wp\/v2\/categories?post=6149"},{"taxonomy":"post_tag","embeddable":true,"href":"https:\/\/agora.xtec.cat\/ceipramonfausiesteve\/wp-json\/wp\/v2\/tags?post=6149"}],"curies":[{"name":"wp","href":"https:\/\/api.w.org\/{rel}","templated":true}]}}