{"id":10996,"date":"2026-04-17T08:58:44","date_gmt":"2026-04-17T06:58:44","guid":{"rendered":"https:\/\/agora.xtec.cat\/ceipramonfausiesteve\/?p=10996"},"modified":"2026-04-17T08:58:44","modified_gmt":"2026-04-17T06:58:44","slug":"setmana-de-sant-jordi-a-guissona-activitats-per-a-totes-les-families","status":"publish","type":"post","link":"https:\/\/agora.xtec.cat\/ceipramonfausiesteve\/portada\/setmana-de-sant-jordi-a-guissona-activitats-per-a-totes-les-families\/","title":{"rendered":"Setmana de Sant Jordi a Guissona \u2013 Activitats per a totes les fam\u00edlies"},"content":{"rendered":"<p>Benvolgudes fam\u00edlies,<\/p>\n<p>La Regidoria de Cultura de l\u2019Ajuntament de Guissona, amb el suport de la Biblioteca i el Museu de Guissona, ha organitzat una Setmana de Sant Jordi carregada de propostes culturals per a tots els p\u00fablics.<\/p>\n<p>Durant aquests dies, petits i grans podreu gaudir de presentacions de llibres, espectacles de contes, teatre familiar, tallers d\u2019art i contes per adults, aix\u00ed com de l\u2019animaci\u00f3 del nucli hist\u00f2ric amb parades de llibres i roses. Sant Jordi \u00e9s, a m\u00e9s, una festa per sortir al carrer, gaudir de la primavera i compartir moments en fam\u00edlia.<\/p>\n<p>Us destaquem algunes de les activitats m\u00e9s rellevants:<\/p>\n<p>\u2022\u00a0<em>Dissabte 18 d\u2019abril \u2013 12.00 h, Sala de Plens<\/em><br \/>\nPresentaci\u00f3 del llibre\u00a0<em>Guissona durant la immediata Postguerra (1939-1942). Radiografies de Guissona<\/em>, de Joan Fornsubir\u00e0.<\/p>\n<p>\u2022\u00a0<em>Dimecres 22 d\u2019abril \u2013 17.00 h, Biblioteca<\/em><br \/>\n<em>La Barraqueta de la Primavera<\/em>, amb Elena Cod\u00f3. Espectacle per a la primera inf\u00e0ncia que combina contes, m\u00fasica i titelles.<\/p>\n<p>\u2022\u00a0<em>Dijous 23 d\u2019abril \u2013 18.00 h, Pla\u00e7a Major<\/em><br \/>\n<em>La Llegenda<\/em>, amb Nopatiskos Teatre. Un espectacle de teatre familiar basat en la hist\u00f2ria de Sant Jordi.<\/p>\n<p>\u2022\u00a0<em>Divendres 24 d\u2019abril \u2013 20.00 h, Cal Eril<\/em><br \/>\n<em>La boca descosida<\/em>, amb Alba Mascarella. Contes per a p\u00fablic adult.<\/p>\n<p>A m\u00e9s, durant tota la setmana la Biblioteca organitza tallers d\u2019aquarel\u00b7la per a totes les edats (amb inscripci\u00f3 pr\u00e8via).<\/p>\n<p>El mateix 23 d\u2019abril, diada de Sant Jordi, els carrers i places de Guissona s\u2019ompliran de parades de llibres i roses, convidant tothom a sortir, passejar i gaudir de la festa.<\/p>\n<p>Us animem a participar en aquesta celebraci\u00f3 tan especial i a compartir-la en fam\u00edlia.<\/p>\n<p>Cordialment,<\/p>\n<p>Regidoria de Cultura<br \/>\nAjuntament de Guissona<\/p>\n","protected":false},"excerpt":{"rendered":"<p>Benvolgudes fam\u00edlies,<br \/>\nLa Regidoria de Cultura de l\u2019Ajuntament de Guissona, amb el suport de la Biblioteca i el Museu de Guissona, ha organitzat una Setmana de Sant Jordi carregada de propostes culturals per a tots els p\u00fablics.<br \/>\nDurant aquests dies, petits i grans podreu gaudir de presentacions&hellip;  <a href=\"https:\/\/agora.xtec.cat\/ceipramonfausiesteve\/portada\/setmana-de-sant-jordi-a-guissona-activitats-per-a-totes-les-families\/\" title=\"Read Setmana de Sant Jordi a Guissona \u2013 Activitats per a totes les fam\u00edlies\">Llegeix m\u00e9s\u00bb<\/a><\/p>\n","protected":false},"author":1,"featured_media":10995,"comment_status":"open","ping_status":"open","sticky":false,"template":"","format":"standard","meta":{"_bbp_topic_count":0,"_bbp_reply_count":0,"_bbp_total_topic_count":0,"_bbp_total_reply_count":0,"_bbp_voice_count":0,"_bbp_anonymous_reply_count":0,"_bbp_topic_count_hidden":0,"_bbp_reply_count_hidden":0,"_bbp_forum_subforum_count":0,"footnotes":""},"categories":[4],"tags":[],"class_list":["post-10996","post","type-post","status-publish","format-standard","has-post-thumbnail","hentry","category-portada"],"post_mailing_queue_ids":[],"_links":{"self":[{"href":"https:\/\/agora.xtec.cat\/ceipramonfausiesteve\/wp-json\/wp\/v2\/posts\/10996","targetHints":{"allow":["GET"]}}],"collection":[{"href":"https:\/\/agora.xtec.cat\/ceipramonfausiesteve\/wp-json\/wp\/v2\/posts"}],"about":[{"href":"https:\/\/agora.xtec.cat\/ceipramonfausiesteve\/wp-json\/wp\/v2\/types\/post"}],"author":[{"embeddable":true,"href":"https:\/\/agora.xtec.cat\/ceipramonfausiesteve\/wp-json\/wp\/v2\/users\/1"}],"replies":[{"embeddable":true,"href":"https:\/\/agora.xtec.cat\/ceipramonfausiesteve\/wp-json\/wp\/v2\/comments?post=10996"}],"version-history":[{"count":1,"href":"https:\/\/agora.xtec.cat\/ceipramonfausiesteve\/wp-json\/wp\/v2\/posts\/10996\/revisions"}],"predecessor-version":[{"id":10997,"href":"https:\/\/agora.xtec.cat\/ceipramonfausiesteve\/wp-json\/wp\/v2\/posts\/10996\/revisions\/10997"}],"wp:featuredmedia":[{"embeddable":true,"href":"https:\/\/agora.xtec.cat\/ceipramonfausiesteve\/wp-json\/wp\/v2\/media\/10995"}],"wp:attachment":[{"href":"https:\/\/agora.xtec.cat\/ceipramonfausiesteve\/wp-json\/wp\/v2\/media?parent=10996"}],"wp:term":[{"taxonomy":"category","embeddable":true,"href":"https:\/\/agora.xtec.cat\/ceipramonfausiesteve\/wp-json\/wp\/v2\/categories?post=10996"},{"taxonomy":"post_tag","embeddable":true,"href":"https:\/\/agora.xtec.cat\/ceipramonfausiesteve\/wp-json\/wp\/v2\/tags?post=10996"}],"curies":[{"name":"wp","href":"https:\/\/api.w.org\/{rel}","templated":true}]}}