{"id":10501,"date":"2025-09-08T08:05:54","date_gmt":"2025-09-08T06:05:54","guid":{"rendered":"https:\/\/agora.xtec.cat\/ceipramonfausiesteve\/?p=10501"},"modified":"2025-09-08T08:45:55","modified_gmt":"2025-09-08T06:45:55","slug":"menu-clicam-per-veure-el-mes-sencer-16","status":"publish","type":"post","link":"https:\/\/agora.xtec.cat\/ceipramonfausiesteve\/menjador\/menu-clicam-per-veure-el-mes-sencer-16\/","title":{"rendered":"MEN\u00da (Clica\u2019m per veure el mes sencer)"},"content":{"rendered":"<p><a href=\"https:\/\/agora.xtec.cat\/ceipramonfausiesteve\/wp-content\/uploads\/usu1656\/2025\/09\/MENUS-SETEMBRE-2025-4-setm_page-0001-scaled.jpg\"><img loading=\"lazy\" decoding=\"async\" class=\"alignnone size-large wp-image-10502\" src=\"https:\/\/agora.xtec.cat\/ceipramonfausiesteve\/wp-content\/uploads\/usu1656\/2025\/09\/MENUS-SETEMBRE-2025-4-setm_page-0001-1024x576.jpg\" alt=\"\" width=\"1024\" height=\"576\" srcset=\"https:\/\/agora.xtec.cat\/ceipramonfausiesteve\/wp-content\/uploads\/usu1656\/2025\/09\/MENUS-SETEMBRE-2025-4-setm_page-0001-1024x576.jpg 1024w, https:\/\/agora.xtec.cat\/ceipramonfausiesteve\/wp-content\/uploads\/usu1656\/2025\/09\/MENUS-SETEMBRE-2025-4-setm_page-0001-300x169.jpg 300w, https:\/\/agora.xtec.cat\/ceipramonfausiesteve\/wp-content\/uploads\/usu1656\/2025\/09\/MENUS-SETEMBRE-2025-4-setm_page-0001-768x432.jpg 768w, https:\/\/agora.xtec.cat\/ceipramonfausiesteve\/wp-content\/uploads\/usu1656\/2025\/09\/MENUS-SETEMBRE-2025-4-setm_page-0001-1536x864.jpg 1536w, https:\/\/agora.xtec.cat\/ceipramonfausiesteve\/wp-content\/uploads\/usu1656\/2025\/09\/MENUS-SETEMBRE-2025-4-setm_page-0001-2048x1152.jpg 2048w\" sizes=\"auto, (max-width: 1024px) 100vw, 1024px\" \/><\/a> <a href=\"https:\/\/agora.xtec.cat\/ceipramonfausiesteve\/wp-content\/uploads\/usu1656\/2025\/09\/MENUS-SETEMBRE-2025-4-setm_page-0002-scaled.jpg\"><img loading=\"lazy\" decoding=\"async\" class=\"alignnone size-large wp-image-10503\" src=\"https:\/\/agora.xtec.cat\/ceipramonfausiesteve\/wp-content\/uploads\/usu1656\/2025\/09\/MENUS-SETEMBRE-2025-4-setm_page-0002-1024x576.jpg\" alt=\"\" width=\"1024\" height=\"576\" srcset=\"https:\/\/agora.xtec.cat\/ceipramonfausiesteve\/wp-content\/uploads\/usu1656\/2025\/09\/MENUS-SETEMBRE-2025-4-setm_page-0002-1024x576.jpg 1024w, https:\/\/agora.xtec.cat\/ceipramonfausiesteve\/wp-content\/uploads\/usu1656\/2025\/09\/MENUS-SETEMBRE-2025-4-setm_page-0002-300x169.jpg 300w, https:\/\/agora.xtec.cat\/ceipramonfausiesteve\/wp-content\/uploads\/usu1656\/2025\/09\/MENUS-SETEMBRE-2025-4-setm_page-0002-768x432.jpg 768w, https:\/\/agora.xtec.cat\/ceipramonfausiesteve\/wp-content\/uploads\/usu1656\/2025\/09\/MENUS-SETEMBRE-2025-4-setm_page-0002-1536x864.jpg 1536w, https:\/\/agora.xtec.cat\/ceipramonfausiesteve\/wp-content\/uploads\/usu1656\/2025\/09\/MENUS-SETEMBRE-2025-4-setm_page-0002-2048x1152.jpg 2048w\" sizes=\"auto, (max-width: 1024px) 100vw, 1024px\" \/><\/a><\/p>\n<p data-start=\"260\" data-end=\"277\"><strong>Per motius log\u00edstics del menjador, s\u2019intercanviaran el primer i el segon plat del dia 9 amb els del dia 10:<\/strong><\/p>\n<p data-start=\"260\" data-end=\"277\"><strong>Dimarts 9<\/strong><\/p>\n<ul data-start=\"278\" data-end=\"418\">\n<li data-start=\"278\" data-end=\"346\">\n<pre data-start=\"280\" data-end=\"346\">Crema de carbass\u00f3, ceba i patata amb crostonets de pa torrat<\/pre>\n<\/li>\n<li data-start=\"347\" data-end=\"392\">\n<pre data-start=\"349\" data-end=\"392\">Pollastre al forn amb tom\u00e0quet i ceba<\/pre>\n<\/li>\n<li data-start=\"393\" data-end=\"418\">\n<pre data-start=\"395\" data-end=\"418\">S\u00edndria o pr\u00e9ssec<\/pre>\n<\/li>\n<\/ul>\n<p data-start=\"420\" data-end=\"439\"><strong>Dimecres 10<\/strong><\/p>\n<ul data-start=\"440\" data-end=\"571\">\n<li data-start=\"440\" data-end=\"501\">\n<pre data-start=\"442\" data-end=\"501\">Espaguetis integrals amb salsa de tom\u00e0quet i formatge<\/pre>\n<\/li>\n<li data-start=\"502\" data-end=\"532\">\n<pre data-start=\"504\" data-end=\"532\">Hamburguesa de vedella i Amanida<\/pre>\n<\/li>\n<li data-start=\"549\" data-end=\"571\">\n<pre data-start=\"551\" data-end=\"571\">Iogurt natural<\/pre>\n<\/li>\n<\/ul>\n","protected":false},"excerpt":{"rendered":"<p>Per motius log\u00edstics del menjador, s\u2019intercanviaran el primer i el segon plat del dia 9 amb els del dia 10: Dimarts 9 Crema de carbass\u00f3, ceba i patata amb crostonets de pa torrat Pollastre al forn amb tom\u00e0quet i ceba S\u00edndria o pr\u00e9ssec Dimecres 10 Espaguetis integrals amb salsa de tom\u00e0quet i formatge Hamburguesa de [&hellip;]<\/p>\n","protected":false},"author":13,"featured_media":10502,"comment_status":"open","ping_status":"open","sticky":false,"template":"","format":"standard","meta":{"_bbp_topic_count":0,"_bbp_reply_count":0,"_bbp_total_topic_count":0,"_bbp_total_reply_count":0,"_bbp_voice_count":0,"_bbp_anonymous_reply_count":0,"_bbp_topic_count_hidden":0,"_bbp_reply_count_hidden":0,"_bbp_forum_subforum_count":0,"site-sidebar-layout":"default","site-content-layout":"","ast-site-content-layout":"","site-content-style":"default","site-sidebar-style":"default","ast-global-header-display":"","ast-banner-title-visibility":"","ast-main-header-display":"","ast-hfb-above-header-display":"","ast-hfb-below-header-display":"","ast-hfb-mobile-header-display":"","site-post-title":"","ast-breadcrumbs-content":"","ast-featured-img":"","footer-sml-layout":"","theme-transparent-header-meta":"","adv-header-id-meta":"","stick-header-meta":"","header-above-stick-meta":"","header-main-stick-meta":"","header-below-stick-meta":"","astra-migrate-meta-layouts":"default","ast-page-background-enabled":"default","ast-page-background-meta":{"desktop":{"background-color":"var(--ast-global-color-4)","background-image":"","background-repeat":"repeat","background-position":"center center","background-size":"auto","background-attachment":"scroll","background-type":"","background-media":"","overlay-type":"","overlay-color":"","overlay-opacity":"","overlay-gradient":""},"tablet":{"background-color":"","background-image":"","background-repeat":"repeat","background-position":"center center","background-size":"auto","background-attachment":"scroll","background-type":"","background-media":"","overlay-type":"","overlay-color":"","overlay-opacity":"","overlay-gradient":""},"mobile":{"background-color":"","background-image":"","background-repeat":"repeat","background-position":"center center","background-size":"auto","background-attachment":"scroll","background-type":"","background-media":"","overlay-type":"","overlay-color":"","overlay-opacity":"","overlay-gradient":""}},"ast-content-background-meta":{"desktop":{"background-color":"var(--ast-global-color-5)","background-image":"","background-repeat":"repeat","background-position":"center center","background-size":"auto","background-attachment":"scroll","background-type":"","background-media":"","overlay-type":"","overlay-color":"","overlay-opacity":"","overlay-gradient":""},"tablet":{"background-color":"var(--ast-global-color-5)","background-image":"","background-repeat":"repeat","background-position":"center center","background-size":"auto","background-attachment":"scroll","background-type":"","background-media":"","overlay-type":"","overlay-color":"","overlay-opacity":"","overlay-gradient":""},"mobile":{"background-color":"var(--ast-global-color-5)","background-image":"","background-repeat":"repeat","background-position":"center center","background-size":"auto","background-attachment":"scroll","background-type":"","background-media":"","overlay-type":"","overlay-color":"","overlay-opacity":"","overlay-gradient":""}},"footnotes":""},"categories":[81],"tags":[],"class_list":["post-10501","post","type-post","status-publish","format-standard","has-post-thumbnail","hentry","category-menjador"],"post_mailing_queue_ids":[],"_links":{"self":[{"href":"https:\/\/agora.xtec.cat\/ceipramonfausiesteve\/wp-json\/wp\/v2\/posts\/10501","targetHints":{"allow":["GET"]}}],"collection":[{"href":"https:\/\/agora.xtec.cat\/ceipramonfausiesteve\/wp-json\/wp\/v2\/posts"}],"about":[{"href":"https:\/\/agora.xtec.cat\/ceipramonfausiesteve\/wp-json\/wp\/v2\/types\/post"}],"author":[{"embeddable":true,"href":"https:\/\/agora.xtec.cat\/ceipramonfausiesteve\/wp-json\/wp\/v2\/users\/13"}],"replies":[{"embeddable":true,"href":"https:\/\/agora.xtec.cat\/ceipramonfausiesteve\/wp-json\/wp\/v2\/comments?post=10501"}],"version-history":[{"count":3,"href":"https:\/\/agora.xtec.cat\/ceipramonfausiesteve\/wp-json\/wp\/v2\/posts\/10501\/revisions"}],"predecessor-version":[{"id":10509,"href":"https:\/\/agora.xtec.cat\/ceipramonfausiesteve\/wp-json\/wp\/v2\/posts\/10501\/revisions\/10509"}],"wp:featuredmedia":[{"embeddable":true,"href":"https:\/\/agora.xtec.cat\/ceipramonfausiesteve\/wp-json\/wp\/v2\/media\/10502"}],"wp:attachment":[{"href":"https:\/\/agora.xtec.cat\/ceipramonfausiesteve\/wp-json\/wp\/v2\/media?parent=10501"}],"wp:term":[{"taxonomy":"category","embeddable":true,"href":"https:\/\/agora.xtec.cat\/ceipramonfausiesteve\/wp-json\/wp\/v2\/categories?post=10501"},{"taxonomy":"post_tag","embeddable":true,"href":"https:\/\/agora.xtec.cat\/ceipramonfausiesteve\/wp-json\/wp\/v2\/tags?post=10501"}],"curies":[{"name":"wp","href":"https:\/\/api.w.org\/{rel}","templated":true}]}}