{"id":10278,"date":"2025-04-22T15:42:34","date_gmt":"2025-04-22T13:42:34","guid":{"rendered":"https:\/\/agora.xtec.cat\/ceipramonfausiesteve\/?p=10278"},"modified":"2025-04-22T15:42:34","modified_gmt":"2025-04-22T13:42:34","slug":"proves-de-4t","status":"publish","type":"post","link":"https:\/\/agora.xtec.cat\/ceipramonfausiesteve\/portada\/proves-de-4t\/","title":{"rendered":"Proves de 4t."},"content":{"rendered":"<p><a href=\"https:\/\/agora.xtec.cat\/ceipramonfausiesteve\/wp-content\/uploads\/usu1656\/2025\/04\/Proves-de-4t.png\"><img loading=\"lazy\" decoding=\"async\" class=\"alignnone size-full wp-image-10277\" src=\"https:\/\/agora.xtec.cat\/ceipramonfausiesteve\/wp-content\/uploads\/usu1656\/2025\/04\/Proves-de-4t.png\" alt=\"\" width=\"606\" height=\"860\" srcset=\"https:\/\/agora.xtec.cat\/ceipramonfausiesteve\/wp-content\/uploads\/usu1656\/2025\/04\/Proves-de-4t.png 606w, https:\/\/agora.xtec.cat\/ceipramonfausiesteve\/wp-content\/uploads\/usu1656\/2025\/04\/Proves-de-4t-211x300.png 211w\" sizes=\"auto, (max-width: 606px) 100vw, 606px\" \/><\/a><\/p>\n<p>L&#8217;avaluaci\u00f3 de diagn\u00f2stic de l&#8217;educaci\u00f3 prim\u00e0ria \u00e9s formativa i orientadora per a centres, docents, alumnat, fam\u00edlies i la comunitat educativa.\u00a0Del 24 d&#8217;abril al 16 de maig de 2025, l&#8217;<strong>alumnat de quart de prim\u00e0ria de tots els centres educatius de Catalunya<\/strong> far\u00e0 les proves d&#8217;avaluaci\u00f3 de diagn\u00f2stic.<\/p>\n<p>Els objectius principals s\u00f3n:<\/p>\n<ul>\n<li>Aportar informaci\u00f3 complement\u00e0ria sobre el nivell de l&#8217;alumnat en l&#8217;adquisici\u00f3 de compet\u00e8ncies.<\/li>\n<li>Promoure que els centres, a partir dels resultats, valorin i reorientin les seves actuacions per millorar l&#8217;adquisici\u00f3 de compet\u00e8ncies.<\/li>\n<li>Fomentar la cultura avaluativa als centres mitjan\u00e7ant la seva participaci\u00f3 en totes les fases de l&#8217;avaluaci\u00f3 (aplicaci\u00f3, correcci\u00f3, an\u00e0lisi de resultats i plans de millora).<\/li>\n<\/ul>\n","protected":false},"excerpt":{"rendered":"<p>L&#8217;avaluaci\u00f3 de diagn\u00f2stic de l&#8217;educaci\u00f3 prim\u00e0ria \u00e9s formativa i orientadora per a centres, docents, alumnat, fam\u00edlies i la comunitat educativa.\u00a0Del 24 d&#8217;abril al 16 de maig de 2025, l&#8217;alumnat de quart de prim\u00e0ria de tots els centres educatius de Catalunya far\u00e0 les proves d&#8217;avaluaci\u00f3 de diagn\u00f2stic. Els objectius principals s\u00f3n: Aportar informaci\u00f3 complement\u00e0ria sobre el [&hellip;]<\/p>\n","protected":false},"author":1,"featured_media":10277,"comment_status":"open","ping_status":"closed","sticky":false,"template":"","format":"standard","meta":{"_bbp_topic_count":0,"_bbp_reply_count":0,"_bbp_total_topic_count":0,"_bbp_total_reply_count":0,"_bbp_voice_count":0,"_bbp_anonymous_reply_count":0,"_bbp_topic_count_hidden":0,"_bbp_reply_count_hidden":0,"_bbp_forum_subforum_count":0,"site-sidebar-layout":"default","site-content-layout":"","ast-site-content-layout":"","site-content-style":"default","site-sidebar-style":"default","ast-global-header-display":"","ast-banner-title-visibility":"","ast-main-header-display":"","ast-hfb-above-header-display":"","ast-hfb-below-header-display":"","ast-hfb-mobile-header-display":"","site-post-title":"","ast-breadcrumbs-content":"","ast-featured-img":"","footer-sml-layout":"","theme-transparent-header-meta":"","adv-header-id-meta":"","stick-header-meta":"","header-above-stick-meta":"","header-main-stick-meta":"","header-below-stick-meta":"","astra-migrate-meta-layouts":"default","ast-page-background-enabled":"default","ast-page-background-meta":{"desktop":{"background-color":"var(--ast-global-color-4)","background-image":"","background-repeat":"repeat","background-position":"center center","background-size":"auto","background-attachment":"scroll","background-type":"","background-media":"","overlay-type":"","overlay-color":"","overlay-opacity":"","overlay-gradient":""},"tablet":{"background-color":"","background-image":"","background-repeat":"repeat","background-position":"center center","background-size":"auto","background-attachment":"scroll","background-type":"","background-media":"","overlay-type":"","overlay-color":"","overlay-opacity":"","overlay-gradient":""},"mobile":{"background-color":"","background-image":"","background-repeat":"repeat","background-position":"center center","background-size":"auto","background-attachment":"scroll","background-type":"","background-media":"","overlay-type":"","overlay-color":"","overlay-opacity":"","overlay-gradient":""}},"ast-content-background-meta":{"desktop":{"background-color":"var(--ast-global-color-5)","background-image":"","background-repeat":"repeat","background-position":"center center","background-size":"auto","background-attachment":"scroll","background-type":"","background-media":"","overlay-type":"","overlay-color":"","overlay-opacity":"","overlay-gradient":""},"tablet":{"background-color":"var(--ast-global-color-5)","background-image":"","background-repeat":"repeat","background-position":"center center","background-size":"auto","background-attachment":"scroll","background-type":"","background-media":"","overlay-type":"","overlay-color":"","overlay-opacity":"","overlay-gradient":""},"mobile":{"background-color":"var(--ast-global-color-5)","background-image":"","background-repeat":"repeat","background-position":"center center","background-size":"auto","background-attachment":"scroll","background-type":"","background-media":"","overlay-type":"","overlay-color":"","overlay-opacity":"","overlay-gradient":""}},"footnotes":""},"categories":[4],"tags":[],"class_list":["post-10278","post","type-post","status-publish","format-standard","has-post-thumbnail","hentry","category-portada"],"post_mailing_queue_ids":[],"_links":{"self":[{"href":"https:\/\/agora.xtec.cat\/ceipramonfausiesteve\/wp-json\/wp\/v2\/posts\/10278","targetHints":{"allow":["GET"]}}],"collection":[{"href":"https:\/\/agora.xtec.cat\/ceipramonfausiesteve\/wp-json\/wp\/v2\/posts"}],"about":[{"href":"https:\/\/agora.xtec.cat\/ceipramonfausiesteve\/wp-json\/wp\/v2\/types\/post"}],"author":[{"embeddable":true,"href":"https:\/\/agora.xtec.cat\/ceipramonfausiesteve\/wp-json\/wp\/v2\/users\/1"}],"replies":[{"embeddable":true,"href":"https:\/\/agora.xtec.cat\/ceipramonfausiesteve\/wp-json\/wp\/v2\/comments?post=10278"}],"version-history":[{"count":1,"href":"https:\/\/agora.xtec.cat\/ceipramonfausiesteve\/wp-json\/wp\/v2\/posts\/10278\/revisions"}],"predecessor-version":[{"id":10279,"href":"https:\/\/agora.xtec.cat\/ceipramonfausiesteve\/wp-json\/wp\/v2\/posts\/10278\/revisions\/10279"}],"wp:featuredmedia":[{"embeddable":true,"href":"https:\/\/agora.xtec.cat\/ceipramonfausiesteve\/wp-json\/wp\/v2\/media\/10277"}],"wp:attachment":[{"href":"https:\/\/agora.xtec.cat\/ceipramonfausiesteve\/wp-json\/wp\/v2\/media?parent=10278"}],"wp:term":[{"taxonomy":"category","embeddable":true,"href":"https:\/\/agora.xtec.cat\/ceipramonfausiesteve\/wp-json\/wp\/v2\/categories?post=10278"},{"taxonomy":"post_tag","embeddable":true,"href":"https:\/\/agora.xtec.cat\/ceipramonfausiesteve\/wp-json\/wp\/v2\/tags?post=10278"}],"curies":[{"name":"wp","href":"https:\/\/api.w.org\/{rel}","templated":true}]}}