{"id":9967,"date":"2020-05-11T19:04:36","date_gmt":"2020-05-11T17:04:36","guid":{"rendered":"http:\/\/agora.xtec.cat\/ceipramonestadella\/?p=9967"},"modified":"2020-05-11T19:04:36","modified_gmt":"2020-05-11T17:04:36","slug":"activitats-de-confinament-p3-del-4-al-10-de-maig","status":"publish","type":"post","link":"https:\/\/agora.xtec.cat\/ceipramonestadella\/general\/activitats-de-confinament-p3-del-4-al-10-de-maig\/","title":{"rendered":"Activitats de confinament P3 &#8211; del 4 al 10 de maig"},"content":{"rendered":"<p>Hola fam\u00edlies!<\/p>\n<p>Esperem que continueu b\u00e9 com fins ara per\u00f2 que continuem vigilant i prenent les mesures al m\u00e0xim ara que podem sortir una estoneta al carrer.<\/p>\n<p>Aquesta setmana heu estat realitzant activitats de lectoescriptura i de matem\u00e0tiques. Estem molt contentes de les respostes que hem tingut i de les fotos i v\u00eddeos que ens heu enviat. Esteu creixent molt\u00edssim!!<a href=\"https:\/\/agora.xtec.cat\/ceipramonestadella\/wp-content\/uploads\/usu385\/2020\/05\/MANOS-COLORES.jpg\"><img loading=\"lazy\" decoding=\"async\" class=\"aligncenter size-full wp-image-9968\" src=\"https:\/\/agora.xtec.cat\/ceipramonestadella\/wp-content\/uploads\/usu385\/2020\/05\/MANOS-COLORES.jpg\" alt=\"\" width=\"768\" height=\"384\" srcset=\"https:\/\/agora.xtec.cat\/ceipramonestadella\/wp-content\/uploads\/usu385\/2020\/05\/MANOS-COLORES.jpg 768w, https:\/\/agora.xtec.cat\/ceipramonestadella\/wp-content\/uploads\/usu385\/2020\/05\/MANOS-COLORES-300x150.jpg 300w\" sizes=\"auto, (max-width: 768px) 100vw, 768px\" \/><\/a><\/p>\n<p style=\"text-align: center;\"><span style=\"font-size: 24px;\"><a href=\"https:\/\/photos.app.goo.gl\/PYC9vGGYrk7s5P626\">Cliqueu aqu\u00ed per veure les fotos i v\u00eddeos d\u2019aquesta setmana<\/a><\/span><\/p>\n<p>Continueu aix\u00ed i animem a la resta de fam\u00edlies a enviar-nos les tasques per a que les puguem compartir amb tothom!<\/p>\n<p style=\"text-align: center;\"><span style=\"font-size: 24px;\"><strong>Una abra\u00e7ada ben forta!<\/strong><\/span><\/p>\n<p style=\"text-align: center;\"><span style=\"font-size: 24px;\"><strong>Us trobem molt a faltar!<\/strong><\/span><\/p>\n","protected":false},"excerpt":{"rendered":"<p>Hola fam\u00edlies!<br \/>\nEsperem que continueu b\u00e9 com fins ara per\u00f2 que continuem vigilant i prenent les mesures al m\u00e0xim ara que podem sortir una estoneta al carrer.<br \/>\nAquesta setmana heu estat realitzant activitats de lectoescriptura i de matem\u00e0tiques. Estem molt contentes de les respostes que hem tingut&hellip;  <a href=\"https:\/\/agora.xtec.cat\/ceipramonestadella\/general\/activitats-de-confinament-p3-del-4-al-10-de-maig\/\" title=\"Read Activitats de confinament P3 &#8211; del 4 al 10 de maig\">Llegeix m\u00e9s\u00bb<\/a><\/p>\n","protected":false},"author":9,"featured_media":1793,"comment_status":"open","ping_status":"closed","sticky":false,"template":"","format":"standard","meta":{"_bbp_topic_count":0,"_bbp_reply_count":0,"_bbp_total_topic_count":0,"_bbp_total_reply_count":0,"_bbp_voice_count":0,"_bbp_anonymous_reply_count":0,"_bbp_topic_count_hidden":0,"_bbp_reply_count_hidden":0,"_bbp_forum_subforum_count":0,"footnotes":""},"categories":[401,1],"tags":[843,72,402],"class_list":["post-9967","post","type-post","status-publish","format-standard","has-post-thumbnail","hentry","category-educacio-infantil-2","category-general","tag-joemquedoacasa","tag-educacio-infantil","tag-p3"],"post_mailing_queue_ids":[],"_links":{"self":[{"href":"https:\/\/agora.xtec.cat\/ceipramonestadella\/wp-json\/wp\/v2\/posts\/9967","targetHints":{"allow":["GET"]}}],"collection":[{"href":"https:\/\/agora.xtec.cat\/ceipramonestadella\/wp-json\/wp\/v2\/posts"}],"about":[{"href":"https:\/\/agora.xtec.cat\/ceipramonestadella\/wp-json\/wp\/v2\/types\/post"}],"author":[{"embeddable":true,"href":"https:\/\/agora.xtec.cat\/ceipramonestadella\/wp-json\/wp\/v2\/users\/9"}],"replies":[{"embeddable":true,"href":"https:\/\/agora.xtec.cat\/ceipramonestadella\/wp-json\/wp\/v2\/comments?post=9967"}],"version-history":[{"count":1,"href":"https:\/\/agora.xtec.cat\/ceipramonestadella\/wp-json\/wp\/v2\/posts\/9967\/revisions"}],"predecessor-version":[{"id":9969,"href":"https:\/\/agora.xtec.cat\/ceipramonestadella\/wp-json\/wp\/v2\/posts\/9967\/revisions\/9969"}],"wp:featuredmedia":[{"embeddable":true,"href":"https:\/\/agora.xtec.cat\/ceipramonestadella\/wp-json\/wp\/v2\/media\/1793"}],"wp:attachment":[{"href":"https:\/\/agora.xtec.cat\/ceipramonestadella\/wp-json\/wp\/v2\/media?parent=9967"}],"wp:term":[{"taxonomy":"category","embeddable":true,"href":"https:\/\/agora.xtec.cat\/ceipramonestadella\/wp-json\/wp\/v2\/categories?post=9967"},{"taxonomy":"post_tag","embeddable":true,"href":"https:\/\/agora.xtec.cat\/ceipramonestadella\/wp-json\/wp\/v2\/tags?post=9967"}],"curies":[{"name":"wp","href":"https:\/\/api.w.org\/{rel}","templated":true}]}}