{"id":9964,"date":"2020-05-12T10:11:07","date_gmt":"2020-05-12T08:11:07","guid":{"rendered":"http:\/\/agora.xtec.cat\/ceipramonestadella\/?p=9964"},"modified":"2020-05-12T10:11:25","modified_gmt":"2020-05-12T08:11:25","slug":"activitats-de-confinament-p4-del-4-al-10-de-maig","status":"publish","type":"post","link":"https:\/\/agora.xtec.cat\/ceipramonestadella\/general\/activitats-de-confinament-p4-del-4-al-10-de-maig\/","title":{"rendered":"ACTIVITATS DE CONFINAMENT P4 &#8211; DEL 4 AL 10 DE MAIG"},"content":{"rendered":"<p><strong>HOLA!!!<\/strong> Ja tornem a estar al blog! I es que no puc parar de penjar les activitats tan fant\u00e0stiques que esteu enviant!!!\u00a0 A m\u00e9s, aquesta setmana ha estat molt especial, vam fer la primera videotrucada en directe i quin munt d&#8217;emocions van anar sortint!!!!!! Va ser genial!<\/p>\n<p>S\u00e9 que se&#8217;ns fa una mica llarg tot aix\u00f2 del confinament ja, per\u00f2 per alegrar-vos una mica les estones us deixo penjades les activitats que heu anat fent i aix\u00ed podeu veure i escoltar als companys i companyes girafes i tamb\u00e9 els hi podeu ficar comentaris!<\/p>\n<p><a href=\"https:\/\/photos.app.goo.gl\/cfiEjye7XUuxDs4B9\">Cliqueu a l&#8217;enlla\u00e7 per veure les fotos i v\u00eddeos!<\/a><\/p>\n<h5><strong>\u00c0nims i&#8230;. seguim, seguim, seguim!!!!!!!\u00a0<\/strong><\/h5>\n<p><a href=\"https:\/\/agora.xtec.cat\/ceipramonestadella\/wp-content\/uploads\/usu385\/2020\/05\/imatge.jpg\"><img loading=\"lazy\" decoding=\"async\" class=\"aligncenter wp-image-9965\" src=\"https:\/\/agora.xtec.cat\/ceipramonestadella\/wp-content\/uploads\/usu385\/2020\/05\/imatge.jpg\" alt=\"\" width=\"248\" height=\"248\" srcset=\"https:\/\/agora.xtec.cat\/ceipramonestadella\/wp-content\/uploads\/usu385\/2020\/05\/imatge.jpg 400w, https:\/\/agora.xtec.cat\/ceipramonestadella\/wp-content\/uploads\/usu385\/2020\/05\/imatge-150x150.jpg 150w, https:\/\/agora.xtec.cat\/ceipramonestadella\/wp-content\/uploads\/usu385\/2020\/05\/imatge-300x300.jpg 300w\" sizes=\"auto, (max-width: 248px) 100vw, 248px\" \/><\/a><\/p>\n","protected":false},"excerpt":{"rendered":"<p>HOLA!!! Ja tornem a estar al blog! I es que no puc parar de penjar les activitats tan fant\u00e0stiques que esteu enviant!!!\u00a0 A m\u00e9s, aquesta setmana ha estat molt especial, vam fer la primera videotrucada en directe i quin munt d&#8217;emocions van anar sortint!!!!!! Va&hellip;  <a href=\"https:\/\/agora.xtec.cat\/ceipramonestadella\/general\/activitats-de-confinament-p4-del-4-al-10-de-maig\/\" title=\"Read ACTIVITATS DE CONFINAMENT P4 &#8211; DEL 4 AL 10 DE MAIG\">Llegeix m\u00e9s\u00bb<\/a><\/p>\n","protected":false},"author":9,"featured_media":0,"comment_status":"open","ping_status":"closed","sticky":false,"template":"","format":"standard","meta":{"_bbp_topic_count":0,"_bbp_reply_count":0,"_bbp_total_topic_count":0,"_bbp_total_reply_count":0,"_bbp_voice_count":0,"_bbp_anonymous_reply_count":0,"_bbp_topic_count_hidden":0,"_bbp_reply_count_hidden":0,"_bbp_forum_subforum_count":0,"footnotes":""},"categories":[246,401,348,1,249,251],"tags":[843,910,72,391,411],"class_list":["post-9964","post","type-post","status-publish","format-standard","hentry","category-educacio-infantil","category-educacio-infantil-2","category-ei","category-general","category-infantil","category-p4","tag-joemquedoacasa","tag-totanirabe","tag-educacio-infantil","tag-general","tag-p4"],"post_mailing_queue_ids":[],"_links":{"self":[{"href":"https:\/\/agora.xtec.cat\/ceipramonestadella\/wp-json\/wp\/v2\/posts\/9964","targetHints":{"allow":["GET"]}}],"collection":[{"href":"https:\/\/agora.xtec.cat\/ceipramonestadella\/wp-json\/wp\/v2\/posts"}],"about":[{"href":"https:\/\/agora.xtec.cat\/ceipramonestadella\/wp-json\/wp\/v2\/types\/post"}],"author":[{"embeddable":true,"href":"https:\/\/agora.xtec.cat\/ceipramonestadella\/wp-json\/wp\/v2\/users\/9"}],"replies":[{"embeddable":true,"href":"https:\/\/agora.xtec.cat\/ceipramonestadella\/wp-json\/wp\/v2\/comments?post=9964"}],"version-history":[{"count":2,"href":"https:\/\/agora.xtec.cat\/ceipramonestadella\/wp-json\/wp\/v2\/posts\/9964\/revisions"}],"predecessor-version":[{"id":9973,"href":"https:\/\/agora.xtec.cat\/ceipramonestadella\/wp-json\/wp\/v2\/posts\/9964\/revisions\/9973"}],"wp:attachment":[{"href":"https:\/\/agora.xtec.cat\/ceipramonestadella\/wp-json\/wp\/v2\/media?parent=9964"}],"wp:term":[{"taxonomy":"category","embeddable":true,"href":"https:\/\/agora.xtec.cat\/ceipramonestadella\/wp-json\/wp\/v2\/categories?post=9964"},{"taxonomy":"post_tag","embeddable":true,"href":"https:\/\/agora.xtec.cat\/ceipramonestadella\/wp-json\/wp\/v2\/tags?post=9964"}],"curies":[{"name":"wp","href":"https:\/\/api.w.org\/{rel}","templated":true}]}}