{"id":9834,"date":"2020-05-08T19:37:18","date_gmt":"2020-05-08T17:37:18","guid":{"rendered":"http:\/\/agora.xtec.cat\/ceipramonestadella\/?p=9834"},"modified":"2020-05-14T19:33:30","modified_gmt":"2020-05-14T17:33:30","slug":"informacio-sobre-la-preinscripcio-i-portes-obertes-virtuals","status":"publish","type":"post","link":"https:\/\/agora.xtec.cat\/ceipramonestadella\/general\/informacio-sobre-la-preinscripcio-i-portes-obertes-virtuals\/","title":{"rendered":"INFORMACI\u00d3 SOBRE LA PREINSCRIPCI\u00d3"},"content":{"rendered":"<p><a href=\"https:\/\/www.youtube.com\/watch?v=0y3jhcFCRx4\">https:\/\/www.youtube.com\/watch?v=0y3jhcFCRx4<\/a><\/p>\n<ul>\n<li><strong><span style=\"font-size: 28px;\"><a href=\"http:\/\/mapaescolar.gencat.cat\/\">CONSULTEU L&#8217;OFERTA DE PLACES<\/a> <\/span><\/strong><\/li>\n<li><strong style=\"font-family: 'arial black', sans-serif; font-size: 28px; text-align: right;\"><span style=\"font-family: helvetica, arial, sans-serif;\">TOTA LA INFORMACI\u00d3: <span style=\"background-color: #00ff00;\"><a href=\"http:\/\/queestudiar.gencat.cat\/ca\/preinscripcio\/estudis\/obligatoris\/\">AQU\u00cd<\/a><\/span><\/span><\/strong><\/li>\n<\/ul>\n<p style=\"text-align: center;\"><span style=\"font-family: 'arial black', sans-serif; font-size: 48px;\"><strong>INSTRUCCIONS PER FER LA PREINSCRIPCI\u00d3<\/strong><\/span><\/p>\n<p><span style=\"font-family: tahoma, arial, helvetica, sans-serif;\"><strong><span style=\"font-size: 36px; background-color: #ffff00;\">1)PREINSCRIPCI\u00d3 TELEM\u00c0TICA:<\/span><span style=\"font-size: 28px; color: #800000;\"><span style=\"color: #ff0000;\"> Del 13 al 22 de maig<\/span>\u00a0<\/span><\/strong><\/span><\/p>\n<ul>\n<li><span style=\"font-family: tahoma, arial, helvetica, sans-serif;\"><span style=\"font-size: 20px;\">\u00a0La <strong><span style=\"font-size: 32px;\">preinscripci\u00f3 es podr\u00e0 fer<\/span> <\/strong><span style=\"font-size: 28px;\"><strong>de manera <span style=\"background-color: #ffff00;\">telem\u00e0tica<\/span><\/strong><\/span> i no presencial des del <strong><span style=\"font-size: 32px;\">dia 13 DE MAIG: <\/span><\/strong><\/span><span style=\"font-size: 20px;\"><strong><span style=\"font-size: 32px;\">\u00a0<\/span><\/strong><\/span><\/span><\/li>\n<\/ul>\n<h4 style=\"text-align: center;\"><a href=\"http:\/\/ensenyament.gencat.cat\/ca\/tramits\/tramits-temes\/20483_preinscripcio_escolar?moda=1\"><span style=\"font-family: tahoma, arial, helvetica, sans-serif; font-size: 32px;\"><strong><span style=\"background-color: #00ff00;\">CLIQUEU AQU\u00cd PER FER LA \u00a0PREINSCRIPCI\u00d3 TELEM\u00c0TICA<\/span><\/strong><\/span><\/a><\/h4>\n<p style=\"text-align: left;\"><span style=\"font-size: 20px;\">Una vegada enviades telem\u00e0ticament les dades s\u2019obt\u00e9 el resguard de la sol\u00b7licitud. Aquest resguard juntament amb la documentaci\u00f3 escanejada o fotografiada s\u2019ha d\u2019<strong>enviar al correu electr\u00f2nic: c5009113@xtec.cat<\/strong><\/span><\/p>\n<p><span style=\"font-family: tahoma, arial, helvetica, sans-serif;\"><span style=\"font-size: 36px;\"><strong><span style=\"background-color: #ffff00;\">2) PREINSCRIPCI\u00d3 VIA TELEF\u00d2NICA I PRESENCIAL<\/span>:<\/strong><\/span><span style=\"color: #ff0000; font-size: 28px;\"><strong> Entre el 19 i 22 de maig.<\/strong><\/span><\/span><\/p>\n<ul>\n<li><span style=\"font-size: 20px; font-family: tahoma, arial, helvetica, sans-serif;\">Ateses les actuals circumst\u00e0ncies extraordin\u00e0ries per la covid-19 si teniu problemes per fer la preinscripci\u00f3 online, <span style=\"font-size: 32px;\"><strong>entre el 19 i el 22 de MAIG<\/strong><\/span> podeu: <\/span>\n<ul>\n<li><span style=\"font-size: 24px; font-family: tahoma, arial, helvetica, sans-serif;\"><strong><strong><strong><span style=\"font-size: 24px; background-color: #ffff00;\">Pas 1 <\/span>: <\/strong><\/strong><span style=\"color: #ff0000;\">ENS PODEU TRUCAR AL 644695361<\/span><\/strong> i <strong>us intentarem ajudar per tel\u00e8fon<\/strong> en tots els dubtes que tingueu.\u00a0<\/span><\/li>\n<li><span style=\"font-size: 20px; font-family: tahoma, arial, helvetica, sans-serif;\"><strong><span style=\"font-size: 24px;\"><span style=\"background-color: #ffff00;\">Pas 2<\/span>:<\/span><\/strong><span style=\"font-size: 24px;\"> En \u00faltima inst\u00e0ncia si no ho hem pogut resoldre per tel\u00e8fon, la preinscripci\u00f3 es podr\u00e0 fer <strong>de <span style=\"font-size: 32px;\">forma presencial<\/span><\/strong> <strong><span style=\"font-size: 32px;\">nom\u00e9s amb cita pr\u00e8via<\/span> trucant al tel\u00e8fon <span style=\"color: #ff0000;\">644695361 <\/span>o per<span style=\"color: #ff0000;\"> correu <\/span>a <span style=\"color: #ff0000;\">c5009113@xtec.cat<\/span><\/strong><\/span><\/span><\/li>\n<\/ul>\n<\/li>\n<\/ul>\n<h3 style=\"text-align: center;\"><span style=\"background-color: #00ff00;\"><a style=\"background-color: #00ff00;\" href=\"http:\/\/ensenyament.gencat.cat\/web\/shared\/OVT\/Departaments\/ENS\/TramitOVT\/preinscripcio\/obligatoris\/A42.pdf\"><span style=\"font-size: 32px; font-family: tahoma, arial, helvetica, sans-serif; background-color: #00ff00;\"><strong>DESCARREGUEU-VOS I OMPLIU LA SOL\u00b7LICITUD AQU\u00cd<\/strong><\/span><\/a><\/span><\/h3>\n<h4 style=\"text-align: center;\"><span style=\"font-size: 24px; font-family: tahoma, arial, helvetica, sans-serif;\"><strong><span style=\"color: #3366ff;\"><a style=\"color: #3366ff;\" href=\"http:\/\/ensenyament.gencat.cat\/ca\/tramits\/tramits-temes\/20483_preinscripcio_escolar?moda=1\">CLIQUEU AQU\u00cd PER A M\u00c9S INFORMACI\u00d3<\/a><\/span><\/strong><\/span><\/h4>\n<p>&nbsp;<\/p>\n<h3 style=\"text-align: left;\"><span style=\"font-size: 32px; background-color: #ffff00; font-family: tahoma, arial, helvetica, sans-serif;\"><strong>RECOMANACIONS IMPORTANTS: <\/strong><\/span><\/h3>\n<p style=\"text-align: left;\"><span style=\"font-size: 20px; font-family: tahoma, arial, helvetica, sans-serif;\"><strong>INTENTEU ENVIAR\u00a0 LA DOCUMENTACI\u00d3 PER CORREU ELECTR\u00d2NIC<\/strong><\/span><\/p>\n<h3 style=\"text-align: left;\"><strong><span style=\"font-family: tahoma, arial, helvetica, sans-serif;\">En cas d&#8217;haver de venir a l&#8217;escola, caldr\u00e0 que prengueu les seg\u00fcents precaucions i mesures:<\/span><\/strong><\/h3>\n<h3 style=\"text-align: left;\"><span style=\"font-family: tahoma, arial, helvetica, sans-serif;\"><strong>1. Cal portar guants i mascareta.<\/strong><\/span><\/h3>\n<h3 style=\"text-align: left;\"><span style=\"font-family: tahoma, arial, helvetica, sans-serif;\"><strong>2. Cal portar-se el seu propi bol\u00edgraf de casa per evitar risc de transmissi\u00f3.\u00a0<\/strong><\/span><\/h3>\n<h3 style=\"text-align: left;\"><span style=\"font-family: tahoma, arial, helvetica, sans-serif;\"><strong>3. Les persones vulnerables, que estiguin confinades o tinguin s\u00edmptomes s&#8217;han d&#8217;abstenir d&#8217;acudir a l&#8217;escola. En cas de no poder venir, es pot autoritzar per escrit a una altra persona per poder lliurar la documentaci\u00f3 i la sol\u00b7licitud pertinents.<\/strong><\/span><\/h3>\n<h3 style=\"text-align: left;\"><span style=\"font-family: tahoma, arial, helvetica, sans-serif;\"><strong>4. Sempre que sigui possible, \u00e9s preferible que vingui una sola persona a fer la preinscripci\u00f3.\u00a0<\/strong><\/span><\/h3>\n<p>&nbsp;<\/p>\n<p><img loading=\"lazy\" decoding=\"async\" class=\"aligncenter\" src=\"https:\/\/fespugtasturias.com\/images\/IMAGEN\/SaludLaboral\/Coronavirus\/dibujo_guantes_mascarilla.png\" alt=\"Qu\u00e9 hago con los guantes y las mascarillas despu\u00e9s de usarlos ...\" width=\"367\" height=\"336\" \/><\/p>\n<p>&nbsp;<\/p>\n<p style=\"text-align: left;\"><strong><span style=\"font-family: helvetica, arial, sans-serif;\"><span style=\"font-size: 48px;\">M\u00c9S ENLLA\u00c7OS D&#8217;INTER\u00c8S\u00a0<\/span><\/span><\/strong><\/p>\n<ul>\n<li><span style=\"font-family: helvetica, arial, sans-serif; font-size: 28px;\"><a href=\"http:\/\/queestudiar.gencat.cat\/ca\/preinscripcio\/estudis\/obligatoris\/calendari\/\">CALENDARI\u00a0<\/a><\/span><\/li>\n<li><span style=\"font-size: 28px;\"><a href=\"http:\/\/queestudiar.gencat.cat\/ca\/preinscripcio\/estudis\/obligatoris\/documentacio\/\">DOCUMENTACI\u00d3 NECESS\u00c0RIA I CRITERIS DE PRIORITAT<\/a><\/span><\/li>\n<li><span style=\"font-size: 28px;\"><a href=\"https:\/\/aplicacions.gestioeducativa.gencat.cat\/pls\/apex\/f?p=20160079072543618:CAT_MO_SI\">MODIFICAR LA PREINSCRIPCI\u00d3 \u00a0\u00a0\u00a0\u00a0<\/a><\/span><\/li>\n<li><a href=\"http:\/\/queestudiar.gencat.cat\/ca\/preinscripcio\/estudis\/obligatoris\/consulta-resultats\/\"><span style=\"font-size: 28px;\">CONSULTA ELS RESULTATS<\/span><\/a><\/li>\n<\/ul>\n<p>&nbsp;<\/p>\n<p>&nbsp;<\/p>\n<p>&nbsp;<\/p>\n","protected":false},"excerpt":{"rendered":"<p><a href=\"https:\/\/www.youtube.com\/watch?v=0y3jhcFCRx4\">https:\/\/www.youtube.com\/watch?v=0y3jhcFCRx4<\/a><\/p>\n<ul>\n<li><a href=\"http:\/\/mapaescolar.gencat.cat\/\">CONSULTEU L&#8217;OFERTA DE PLACES<\/a> <\/li>\n<li>TOTA LA INFORMACI\u00d3: <a href=\"http:\/\/queestudiar.gencat.cat\/ca\/preinscripcio\/estudis\/obligatoris\/\">AQU\u00cd<\/a><\/li>\n<\/ul>\n<p>INSTRUCCIONS PER FER LA PREINSCRIPCI\u00d3<br \/>\n1)PREINSCRIPCI\u00d3 TELEM\u00c0TICA: Del 13 al 22 de maig\u00a0<\/p>\n<ul>\n<li>\u00a0La preinscripci\u00f3 es podr\u00e0 fer de manera telem\u00e0tica i no presencial des del dia 13 DE MAIG: \u00a0<\/li>\n<\/ul>\n<p><a href=\"http:\/\/ensenyament.gencat.cat\/ca\/tramits\/tramits-temes\/20483_preinscripcio_escolar?moda=1\">CLIQUEU AQU\u00cd PER FER LA \u00a0PREINSCRIPCI\u00d3&hellip;  <a href=\"https:\/\/agora.xtec.cat\/ceipramonestadella\/general\/informacio-sobre-la-preinscripcio-i-portes-obertes-virtuals\/\" title=\"Read INFORMACI\u00d3 SOBRE LA PREINSCRIPCI\u00d3\">Llegeix m\u00e9s\u00bb<\/a><\/p>\n","protected":false},"author":3,"featured_media":0,"comment_status":"open","ping_status":"closed","sticky":false,"template":"","format":"standard","meta":{"_bbp_topic_count":0,"_bbp_reply_count":0,"_bbp_total_topic_count":0,"_bbp_total_reply_count":0,"_bbp_voice_count":0,"_bbp_anonymous_reply_count":0,"_bbp_topic_count_hidden":0,"_bbp_reply_count_hidden":0,"_bbp_forum_subforum_count":0,"footnotes":""},"categories":[1],"tags":[],"class_list":["post-9834","post","type-post","status-publish","format-standard","hentry","category-general"],"post_mailing_queue_ids":[],"_links":{"self":[{"href":"https:\/\/agora.xtec.cat\/ceipramonestadella\/wp-json\/wp\/v2\/posts\/9834","targetHints":{"allow":["GET"]}}],"collection":[{"href":"https:\/\/agora.xtec.cat\/ceipramonestadella\/wp-json\/wp\/v2\/posts"}],"about":[{"href":"https:\/\/agora.xtec.cat\/ceipramonestadella\/wp-json\/wp\/v2\/types\/post"}],"author":[{"embeddable":true,"href":"https:\/\/agora.xtec.cat\/ceipramonestadella\/wp-json\/wp\/v2\/users\/3"}],"replies":[{"embeddable":true,"href":"https:\/\/agora.xtec.cat\/ceipramonestadella\/wp-json\/wp\/v2\/comments?post=9834"}],"version-history":[{"count":4,"href":"https:\/\/agora.xtec.cat\/ceipramonestadella\/wp-json\/wp\/v2\/posts\/9834\/revisions"}],"predecessor-version":[{"id":10009,"href":"https:\/\/agora.xtec.cat\/ceipramonestadella\/wp-json\/wp\/v2\/posts\/9834\/revisions\/10009"}],"wp:attachment":[{"href":"https:\/\/agora.xtec.cat\/ceipramonestadella\/wp-json\/wp\/v2\/media?parent=9834"}],"wp:term":[{"taxonomy":"category","embeddable":true,"href":"https:\/\/agora.xtec.cat\/ceipramonestadella\/wp-json\/wp\/v2\/categories?post=9834"},{"taxonomy":"post_tag","embeddable":true,"href":"https:\/\/agora.xtec.cat\/ceipramonestadella\/wp-json\/wp\/v2\/tags?post=9834"}],"curies":[{"name":"wp","href":"https:\/\/api.w.org\/{rel}","templated":true}]}}