{"id":9807,"date":"2020-05-04T14:03:59","date_gmt":"2020-05-04T12:03:59","guid":{"rendered":"http:\/\/agora.xtec.cat\/ceipramonestadella\/?p=9807"},"modified":"2020-05-04T14:04:12","modified_gmt":"2020-05-04T12:04:12","slug":"activitats-de-confinament-p4-del-27-dabril-al-3-de-maig","status":"publish","type":"post","link":"https:\/\/agora.xtec.cat\/ceipramonestadella\/general\/educacio-infantil\/activitats-de-confinament-p4-del-27-dabril-al-3-de-maig\/","title":{"rendered":"ACTIVITATS DE CONFINAMENT P4 &#8211; DEL 27 D&#8217;ABRIL AL 3 DE MAIG"},"content":{"rendered":"<p>HOLA FAM\u00cdLIES!!!!!!!! Com esteu????? Espero que ara que podem sortir una estoneta a prendre l&#8217;aire esteu una mica millor!!!<\/p>\n<p>Ja he vist que seguiu treballant molt ja sigui movent l&#8217;esquelet, practicant english, amb la cuina, inspeccionant l&#8217;entorn, coneixent nous animalons, fent-me visites guiades per l&#8217;hort i fent projectes!!!!! \u00c9s genial veure com, a pesar de la dif\u00edcil situaci\u00f3, us ho passeu b\u00e9 i aneu treballant en fam\u00edlia!<\/p>\n<p><a href=\"https:\/\/photos.app.goo.gl\/gWfD8X9x8hFrGHWq7\">Us deixo aqu\u00ed l&#8217;enlla\u00e7 amb totes les vostres imatges i v\u00eddeos.<\/a><\/p>\n<p><a href=\"https:\/\/agora.xtec.cat\/ceipramonestadella\/wp-content\/uploads\/usu385\/2020\/05\/foto-blog.jpg\"><img loading=\"lazy\" decoding=\"async\" class=\"aligncenter wp-image-9811\" src=\"https:\/\/agora.xtec.cat\/ceipramonestadella\/wp-content\/uploads\/usu385\/2020\/05\/foto-blog.jpg\" alt=\"\" width=\"343\" height=\"229\" srcset=\"https:\/\/agora.xtec.cat\/ceipramonestadella\/wp-content\/uploads\/usu385\/2020\/05\/foto-blog.jpg 600w, https:\/\/agora.xtec.cat\/ceipramonestadella\/wp-content\/uploads\/usu385\/2020\/05\/foto-blog-300x200.jpg 300w\" sizes=\"auto, (max-width: 343px) 100vw, 343px\" \/><\/a><\/p>\n<p>Us animo a seguir enviant les activitats que feu per poder-les compartir amb tothom!!!!<\/p>\n<h3>UNA FORT\u00cdIIIIIIIIISSIMA ABRA\u00c7ADA VIRTUAL!!!!!!!!!!!!!!!!!!!!!!!<\/h3>\n","protected":false},"excerpt":{"rendered":"<p>HOLA FAM\u00cdLIES!!!!!!!! Com esteu????? Espero que ara que podem sortir una estoneta a prendre l&#8217;aire esteu una mica millor!!!<br \/>\nJa he vist que seguiu treballant molt ja sigui movent l&#8217;esquelet, practicant english, amb la cuina, inspeccionant l&#8217;entorn, coneixent nous animalons, fent-me visites guiades per l&#8217;hort i&hellip;  <a href=\"https:\/\/agora.xtec.cat\/ceipramonestadella\/general\/educacio-infantil\/activitats-de-confinament-p4-del-27-dabril-al-3-de-maig\/\" title=\"Read ACTIVITATS DE CONFINAMENT P4 &#8211; DEL 27 D&#8217;ABRIL AL 3 DE MAIG\">Llegeix m\u00e9s\u00bb<\/a><\/p>\n","protected":false},"author":9,"featured_media":0,"comment_status":"open","ping_status":"closed","sticky":false,"template":"","format":"standard","meta":{"_bbp_topic_count":0,"_bbp_reply_count":0,"_bbp_total_topic_count":0,"_bbp_total_reply_count":0,"_bbp_voice_count":0,"_bbp_anonymous_reply_count":0,"_bbp_topic_count_hidden":0,"_bbp_reply_count_hidden":0,"_bbp_forum_subforum_count":0,"footnotes":""},"categories":[246,401,348,249,251],"tags":[843,910,72,391,411],"class_list":["post-9807","post","type-post","status-publish","format-standard","hentry","category-educacio-infantil","category-educacio-infantil-2","category-ei","category-infantil","category-p4","tag-joemquedoacasa","tag-totanirabe","tag-educacio-infantil","tag-general","tag-p4"],"post_mailing_queue_ids":[],"_links":{"self":[{"href":"https:\/\/agora.xtec.cat\/ceipramonestadella\/wp-json\/wp\/v2\/posts\/9807","targetHints":{"allow":["GET"]}}],"collection":[{"href":"https:\/\/agora.xtec.cat\/ceipramonestadella\/wp-json\/wp\/v2\/posts"}],"about":[{"href":"https:\/\/agora.xtec.cat\/ceipramonestadella\/wp-json\/wp\/v2\/types\/post"}],"author":[{"embeddable":true,"href":"https:\/\/agora.xtec.cat\/ceipramonestadella\/wp-json\/wp\/v2\/users\/9"}],"replies":[{"embeddable":true,"href":"https:\/\/agora.xtec.cat\/ceipramonestadella\/wp-json\/wp\/v2\/comments?post=9807"}],"version-history":[{"count":2,"href":"https:\/\/agora.xtec.cat\/ceipramonestadella\/wp-json\/wp\/v2\/posts\/9807\/revisions"}],"predecessor-version":[{"id":9815,"href":"https:\/\/agora.xtec.cat\/ceipramonestadella\/wp-json\/wp\/v2\/posts\/9807\/revisions\/9815"}],"wp:attachment":[{"href":"https:\/\/agora.xtec.cat\/ceipramonestadella\/wp-json\/wp\/v2\/media?parent=9807"}],"wp:term":[{"taxonomy":"category","embeddable":true,"href":"https:\/\/agora.xtec.cat\/ceipramonestadella\/wp-json\/wp\/v2\/categories?post=9807"},{"taxonomy":"post_tag","embeddable":true,"href":"https:\/\/agora.xtec.cat\/ceipramonestadella\/wp-json\/wp\/v2\/tags?post=9807"}],"curies":[{"name":"wp","href":"https:\/\/api.w.org\/{rel}","templated":true}]}}