{"id":9765,"date":"2020-04-28T22:34:49","date_gmt":"2020-04-28T20:34:49","guid":{"rendered":"http:\/\/agora.xtec.cat\/ceipramonestadella\/?p=9765"},"modified":"2020-04-28T22:34:49","modified_gmt":"2020-04-28T20:34:49","slug":"roses-balcons-i-facanes-de-sant-jordi","status":"publish","type":"post","link":"https:\/\/agora.xtec.cat\/ceipramonestadella\/general\/roses-balcons-i-facanes-de-sant-jordi\/","title":{"rendered":"ROSES, BALCONS I FA\u00c7ANES DE SANT JORDI"},"content":{"rendered":"<p>Hola fam\u00edlies de Cicle Inicial, us presentem un v\u00eddeo amb les roses, balcons, terrasses i fa\u00e7anes de Sant Jordi que ens heu enviat. Felicitats perqu\u00e8 us han quedat molt boniques, sou uns artistes!!!<\/p>\n<p>Cliqueu\u00a0<a href=\"https:\/\/drive.google.com\/open?id=1W5T-XBnlv8mz9rz0VsFBWy8dY6sr0aoq\" target=\"_blank\" rel=\"noopener noreferrer\">AQU\u00cd<\/a> per veure el v\u00eddeo.<\/p>\n<p><a href=\"https:\/\/drive.google.com\/open?id=1W5T-XBnlv8mz9rz0VsFBWy8dY6sr0aoq\" target=\"_blank\" rel=\"https:\/\/drive.google.com\/open?id=1W5T-XBnlv8mz9rz0VsFBWy8dY6sr0aoq noopener noreferrer\"><img loading=\"lazy\" decoding=\"async\" class=\"aligncenter wp-image-9766\" src=\"https:\/\/agora.xtec.cat\/ceipramonestadella\/wp-content\/uploads\/usu385\/2020\/04\/IMG_20200423_092634.jpg\" alt=\"\" width=\"643\" height=\"857\" srcset=\"https:\/\/agora.xtec.cat\/ceipramonestadella\/wp-content\/uploads\/usu385\/2020\/04\/IMG_20200423_092634.jpg 3120w, https:\/\/agora.xtec.cat\/ceipramonestadella\/wp-content\/uploads\/usu385\/2020\/04\/IMG_20200423_092634-225x300.jpg 225w, https:\/\/agora.xtec.cat\/ceipramonestadella\/wp-content\/uploads\/usu385\/2020\/04\/IMG_20200423_092634-768x1024.jpg 768w\" sizes=\"auto, (max-width: 643px) 100vw, 643px\" \/><\/a><\/p>\n","protected":false},"excerpt":{"rendered":"<p>Hola fam\u00edlies de Cicle Inicial, us presentem un v\u00eddeo amb les roses, balcons, terrasses i fa\u00e7anes de Sant Jordi que ens heu enviat. Felicitats perqu\u00e8 us han quedat molt boniques, sou uns artistes!!!<br \/>\nCliqueu\u00a0<a href=\"https:\/\/drive.google.com\/open?id=1W5T-XBnlv8mz9rz0VsFBWy8dY6sr0aoq\" target=\"_blank\" rel=\"noopener noreferrer\">AQU\u00cd<\/a> per veure el v\u00eddeo.<br \/>\n<a href=\"https:\/\/drive.google.com\/open?id=1W5T-XBnlv8mz9rz0VsFBWy8dY6sr0aoq\" target=\"_blank\" rel=\"https:\/\/drive.google.com\/open?id=1W5T-XBnlv8mz9rz0VsFBWy8dY6sr0aoq noopener&hellip;  <a href=\"https:\/\/agora.xtec.cat\/ceipramonestadella\/general\/roses-balcons-i-facanes-de-sant-jordi\/\" title=\"Read ROSES, BALCONS I FA\u00c7ANES DE SANT JORDI\">Llegeix m\u00e9s\u00bb<\/a><\/p>\n","protected":false},"author":7,"featured_media":9766,"comment_status":"open","ping_status":"closed","sticky":false,"template":"","format":"standard","meta":{"_bbp_topic_count":0,"_bbp_reply_count":0,"_bbp_total_topic_count":0,"_bbp_total_reply_count":0,"_bbp_voice_count":0,"_bbp_anonymous_reply_count":0,"_bbp_topic_count_hidden":0,"_bbp_reply_count_hidden":0,"_bbp_forum_subforum_count":0,"footnotes":""},"categories":[897,437,340,802,803,243,830,1],"tags":[843,405,395,787,788,428,69,391],"class_list":["post-9765","post","type-post","status-publish","format-standard","has-post-thumbnail","hentry","category-joemquedo-a-casa","category-1r-2","category-340","category-2n-2","category-2n-2n-2","category-cicle-inicial","category-cicle-inicial-2n-2","category-general","tag-joemquedoacasa","tag-1r","tag-2n","tag-2na","tag-2nb","tag-cicle-incial","tag-cicle-inicial","tag-general"],"post_mailing_queue_ids":[],"_links":{"self":[{"href":"https:\/\/agora.xtec.cat\/ceipramonestadella\/wp-json\/wp\/v2\/posts\/9765","targetHints":{"allow":["GET"]}}],"collection":[{"href":"https:\/\/agora.xtec.cat\/ceipramonestadella\/wp-json\/wp\/v2\/posts"}],"about":[{"href":"https:\/\/agora.xtec.cat\/ceipramonestadella\/wp-json\/wp\/v2\/types\/post"}],"author":[{"embeddable":true,"href":"https:\/\/agora.xtec.cat\/ceipramonestadella\/wp-json\/wp\/v2\/users\/7"}],"replies":[{"embeddable":true,"href":"https:\/\/agora.xtec.cat\/ceipramonestadella\/wp-json\/wp\/v2\/comments?post=9765"}],"version-history":[{"count":2,"href":"https:\/\/agora.xtec.cat\/ceipramonestadella\/wp-json\/wp\/v2\/posts\/9765\/revisions"}],"predecessor-version":[{"id":9768,"href":"https:\/\/agora.xtec.cat\/ceipramonestadella\/wp-json\/wp\/v2\/posts\/9765\/revisions\/9768"}],"wp:featuredmedia":[{"embeddable":true,"href":"https:\/\/agora.xtec.cat\/ceipramonestadella\/wp-json\/wp\/v2\/media\/9766"}],"wp:attachment":[{"href":"https:\/\/agora.xtec.cat\/ceipramonestadella\/wp-json\/wp\/v2\/media?parent=9765"}],"wp:term":[{"taxonomy":"category","embeddable":true,"href":"https:\/\/agora.xtec.cat\/ceipramonestadella\/wp-json\/wp\/v2\/categories?post=9765"},{"taxonomy":"post_tag","embeddable":true,"href":"https:\/\/agora.xtec.cat\/ceipramonestadella\/wp-json\/wp\/v2\/tags?post=9765"}],"curies":[{"name":"wp","href":"https:\/\/api.w.org\/{rel}","templated":true}]}}