{"id":9712,"date":"2020-04-27T10:12:56","date_gmt":"2020-04-27T08:12:56","guid":{"rendered":"http:\/\/agora.xtec.cat\/ceipramonestadella\/?p=9712"},"modified":"2020-04-27T10:14:33","modified_gmt":"2020-04-27T08:14:33","slug":"activitats-de-confinament-p4-del-20-al-26-dabril","status":"publish","type":"post","link":"https:\/\/agora.xtec.cat\/ceipramonestadella\/general\/activitats-de-confinament-p4-del-20-al-26-dabril\/","title":{"rendered":"ACTIVITATS DE CONFINAMENT P4 &#8211; DEL 20 AL 26 D&#8217;ABRIL"},"content":{"rendered":"<p><strong>Hola de nou fam\u00edlies!<\/strong> Aquesta setmana ha estat ben especial! Ens ha fet molta ll\u00e0stima no poder celebrar la Diada de Sant Jordi i Santa Jordina a l&#8217;escola i amb total normalitat, per\u00f2 tot i aix\u00ed, crec que l&#8217;heu gaudit amb la improvisaci\u00f3, la imaginaci\u00f3, les manualitats, les disfresses i tot el que heu fet. Realment hi ha coses molt boniques, i no nom\u00e9s per aquesta festa, sin\u00f3 que hi ha una varietat interessant d&#8217;activitats que heu estat fent, unes m\u00e9s refrescants, altres m\u00e9s d&#8217;investigaci\u00f3, experiments, disfresses&#8230;<\/p>\n<p>\u00c9s fant\u00e0stic i, sobretot, que ho vulgueu compartiu amb mi i amb tota l&#8217;escola! Aix\u00ed sembla que estem una mica m\u00e9s a prop!<\/p>\n<p><a href=\"https:\/\/photos.app.goo.gl\/dr9fT7xokcQDaTEH7\">Aqu\u00ed en teniu la mostra.<\/a><\/p>\n<p>Seguim super en contacte!!!<\/p>\n<h3>US TROBO MOOOOOOOOOLT A FALTAAAAAAAAAAR!!!!!!!!!!!<\/h3>\n<p><a href=\"https:\/\/agora.xtec.cat\/ceipramonestadella\/wp-content\/uploads\/usu385\/2020\/04\/Vinyeta-Sant-Jordi-2020.jpg\"><img loading=\"lazy\" decoding=\"async\" class=\"aligncenter wp-image-9713 \" src=\"https:\/\/agora.xtec.cat\/ceipramonestadella\/wp-content\/uploads\/usu385\/2020\/04\/Vinyeta-Sant-Jordi-2020-724x1024.jpg\" alt=\"\" width=\"298\" height=\"421\" srcset=\"https:\/\/agora.xtec.cat\/ceipramonestadella\/wp-content\/uploads\/usu385\/2020\/04\/Vinyeta-Sant-Jordi-2020.jpg 724w, https:\/\/agora.xtec.cat\/ceipramonestadella\/wp-content\/uploads\/usu385\/2020\/04\/Vinyeta-Sant-Jordi-2020-212x300.jpg 212w\" sizes=\"auto, (max-width: 298px) 100vw, 298px\" \/><\/a><\/p>\n","protected":false},"excerpt":{"rendered":"<p>Hola de nou fam\u00edlies! Aquesta setmana ha estat ben especial! Ens ha fet molta ll\u00e0stima no poder celebrar la Diada de Sant Jordi i Santa Jordina a l&#8217;escola i amb total normalitat, per\u00f2 tot i aix\u00ed, crec que l&#8217;heu gaudit amb la improvisaci\u00f3, la imaginaci\u00f3,&hellip;  <a href=\"https:\/\/agora.xtec.cat\/ceipramonestadella\/general\/activitats-de-confinament-p4-del-20-al-26-dabril\/\" title=\"Read ACTIVITATS DE CONFINAMENT P4 &#8211; DEL 20 AL 26 D&#8217;ABRIL\">Llegeix m\u00e9s\u00bb<\/a><\/p>\n","protected":false},"author":9,"featured_media":0,"comment_status":"open","ping_status":"closed","sticky":false,"template":"","format":"standard","meta":{"_bbp_topic_count":0,"_bbp_reply_count":0,"_bbp_total_topic_count":0,"_bbp_total_reply_count":0,"_bbp_voice_count":0,"_bbp_anonymous_reply_count":0,"_bbp_topic_count_hidden":0,"_bbp_reply_count_hidden":0,"_bbp_forum_subforum_count":0,"footnotes":""},"categories":[246,1,249,251],"tags":[843,910,72,391,411],"class_list":["post-9712","post","type-post","status-publish","format-standard","hentry","category-educacio-infantil","category-general","category-infantil","category-p4","tag-joemquedoacasa","tag-totanirabe","tag-educacio-infantil","tag-general","tag-p4"],"post_mailing_queue_ids":[],"_links":{"self":[{"href":"https:\/\/agora.xtec.cat\/ceipramonestadella\/wp-json\/wp\/v2\/posts\/9712","targetHints":{"allow":["GET"]}}],"collection":[{"href":"https:\/\/agora.xtec.cat\/ceipramonestadella\/wp-json\/wp\/v2\/posts"}],"about":[{"href":"https:\/\/agora.xtec.cat\/ceipramonestadella\/wp-json\/wp\/v2\/types\/post"}],"author":[{"embeddable":true,"href":"https:\/\/agora.xtec.cat\/ceipramonestadella\/wp-json\/wp\/v2\/users\/9"}],"replies":[{"embeddable":true,"href":"https:\/\/agora.xtec.cat\/ceipramonestadella\/wp-json\/wp\/v2\/comments?post=9712"}],"version-history":[{"count":3,"href":"https:\/\/agora.xtec.cat\/ceipramonestadella\/wp-json\/wp\/v2\/posts\/9712\/revisions"}],"predecessor-version":[{"id":9722,"href":"https:\/\/agora.xtec.cat\/ceipramonestadella\/wp-json\/wp\/v2\/posts\/9712\/revisions\/9722"}],"wp:attachment":[{"href":"https:\/\/agora.xtec.cat\/ceipramonestadella\/wp-json\/wp\/v2\/media?parent=9712"}],"wp:term":[{"taxonomy":"category","embeddable":true,"href":"https:\/\/agora.xtec.cat\/ceipramonestadella\/wp-json\/wp\/v2\/categories?post=9712"},{"taxonomy":"post_tag","embeddable":true,"href":"https:\/\/agora.xtec.cat\/ceipramonestadella\/wp-json\/wp\/v2\/tags?post=9712"}],"curies":[{"name":"wp","href":"https:\/\/api.w.org\/{rel}","templated":true}]}}