{"id":9644,"date":"2020-04-20T23:52:24","date_gmt":"2020-04-20T21:52:24","guid":{"rendered":"http:\/\/agora.xtec.cat\/ceipramonestadella\/?p=9644"},"modified":"2020-04-22T09:27:17","modified_gmt":"2020-04-22T07:27:17","slug":"a-1r-som-artistes","status":"publish","type":"post","link":"https:\/\/agora.xtec.cat\/ceipramonestadella\/general\/cicle-inicial\/a-1r-som-artistes\/","title":{"rendered":"A 1R SOM ARTISTES!"},"content":{"rendered":"<p>A la classe de 1r est\u00e0vem treballant els materials quan el CoVid&#8217;19 ens va tancar a casa. Ens ha pres la llibertat i el poder sortir al carrer per\u00f2 no ens podr\u00e0 prendre mai les ganes de crear i la nostra imaginaci\u00f3. Partint del conte &#8220;L&#8217;Home reciclat&#8221; ens i van proposar que ens invent\u00e9ssim algun personatge , objecte,&#8230;amb materials reciclats. I el resultat ha estat d&#8217;all\u00f2 m\u00e9s divers: des de capgrossos amb cercaviles fins a menjadores d&#8217;ocells, robots i camions articulats. A m\u00e9s, hi ha alguna hist\u00f2ria amagada&#8230;..si voleu escoltar-la, haureu de buscar a l&#8217;enlla\u00e7&#8230;.. i \u00e9s que SOM UNES I UNS ARTISTES: Si voleu veure tot, <a href=\"https:\/\/photos.app.goo.gl\/mYkSAxM8zk2opa5q8\">cliqueu aqu\u00ed<\/a> i ens veureu.<\/p>\n<p>Felicitats a totes i tots qui us heu animat i animo als qui encara no l&#8217;han fet a fer-lo , va! Ja veureu que divertit! Amb aquesta activitat tanquem d&#8217;una manera diferent aquest projecte de C.del Medi&#8230;ara reposarem uns dies i tornarem amb for\u00e7a: pr\u00f2xim projecte? els oficis i la fam\u00edlia&#8230;.SOM-HI!<\/p>\n<p>Ah! US RECORDEM QUE PODEU FER ELS VOSTRES COMENTARIS !<\/p>\n<p><img loading=\"lazy\" decoding=\"async\" class=\"\" src=\"https:\/\/lh3.googleusercontent.com\/MdYBgLOvhJPerMpO00pnkcFXyN6NtfGMBg79_kb9mmtwchDKfgAHeki3BWsJTAHqLX4SyeH27td0-1fXKNQmi_HQrEZlWkeM_ZzKbxosu65c1DmCXFiLtMK-vJHyD1qAjiMgyFzbWt7Ib6XQPqZ3ufqjaIa186i_bVur-MTXvA7eDRZ0W96b0o38spJfPLlNElsQiQLHPXdyMEnRg7Ekk3EGKoq84hXYJmP8LvCU12WHbSZj13NWRbowm-nvNpSisOV9RwYjKvY-odSiRi3vwZia_xV0e5NZvR7gZwT43-42VMSeDPPb5MwO5GSLD8iKKjTRCaJYnRT-3sOEqKke5tpk717nZMC9LfgCNdeZ29MOBs5CTWL2btPH8B1i3NGZx_gGRVk-CvTBB7l2p8PY6AcaH33P9dQad1YdBe-IL7Hi-sqMGJQWsOucxa91MXpenas8I2GNDflkez0cq3vTsxSewbusHLBP-KYkX6ZEocv-srs93eXBVTG9z4sjEf_i63YUCzOdDI3-pJ6RjIiip50RvQRH5eV31dsTt4Q9dpQHAtFmm20-Lhh76LohRiMby5o3JdJNvR_rYcX3xOGo_5tKMApUx8zjZh9zVzOspvcNVKOWP5JwX8YeD7FcgX3-hOECvPxQ9Hm55EEEv6O--PUDh14MxbqZqCkuTV1chJUrcUOGgTA4fwJzPDgzHBdRYZoCyi9SFpO3UPAvFhLNp6A7L5qNWXDcjCW9RiAWyt8v4lLuhAFwoSk=w1785-h867-no\" width=\"1134\" height=\"551\" \/><\/p>\n<p>&nbsp;<\/p>\n","protected":false},"excerpt":{"rendered":"<p>A la classe de 1r est\u00e0vem treballant els materials quan el CoVid&#8217;19 ens va tancar a casa. Ens ha pres la llibertat i el poder sortir al carrer per\u00f2 no ens podr\u00e0 prendre mai les ganes de crear i la nostra imaginaci\u00f3. Partint del conte&hellip;  <a href=\"https:\/\/agora.xtec.cat\/ceipramonestadella\/general\/cicle-inicial\/a-1r-som-artistes\/\" title=\"Read A 1R SOM ARTISTES!\">Llegeix m\u00e9s\u00bb<\/a><\/p>\n","protected":false},"author":7,"featured_media":0,"comment_status":"open","ping_status":"closed","sticky":false,"template":"","format":"standard","meta":{"_bbp_topic_count":0,"_bbp_reply_count":0,"_bbp_total_topic_count":0,"_bbp_total_reply_count":0,"_bbp_voice_count":0,"_bbp_anonymous_reply_count":0,"_bbp_topic_count_hidden":0,"_bbp_reply_count_hidden":0,"_bbp_forum_subforum_count":0,"footnotes":""},"categories":[897,385,437,243,830,481],"tags":[],"class_list":["post-9644","post","type-post","status-publish","format-standard","hentry","category-joemquedo-a-casa","category-1r","category-1r-2","category-cicle-inicial","category-cicle-inicial-2n-2","category-escola-verda"],"post_mailing_queue_ids":[],"_links":{"self":[{"href":"https:\/\/agora.xtec.cat\/ceipramonestadella\/wp-json\/wp\/v2\/posts\/9644","targetHints":{"allow":["GET"]}}],"collection":[{"href":"https:\/\/agora.xtec.cat\/ceipramonestadella\/wp-json\/wp\/v2\/posts"}],"about":[{"href":"https:\/\/agora.xtec.cat\/ceipramonestadella\/wp-json\/wp\/v2\/types\/post"}],"author":[{"embeddable":true,"href":"https:\/\/agora.xtec.cat\/ceipramonestadella\/wp-json\/wp\/v2\/users\/7"}],"replies":[{"embeddable":true,"href":"https:\/\/agora.xtec.cat\/ceipramonestadella\/wp-json\/wp\/v2\/comments?post=9644"}],"version-history":[{"count":3,"href":"https:\/\/agora.xtec.cat\/ceipramonestadella\/wp-json\/wp\/v2\/posts\/9644\/revisions"}],"predecessor-version":[{"id":9646,"href":"https:\/\/agora.xtec.cat\/ceipramonestadella\/wp-json\/wp\/v2\/posts\/9644\/revisions\/9646"}],"wp:attachment":[{"href":"https:\/\/agora.xtec.cat\/ceipramonestadella\/wp-json\/wp\/v2\/media?parent=9644"}],"wp:term":[{"taxonomy":"category","embeddable":true,"href":"https:\/\/agora.xtec.cat\/ceipramonestadella\/wp-json\/wp\/v2\/categories?post=9644"},{"taxonomy":"post_tag","embeddable":true,"href":"https:\/\/agora.xtec.cat\/ceipramonestadella\/wp-json\/wp\/v2\/tags?post=9644"}],"curies":[{"name":"wp","href":"https:\/\/api.w.org\/{rel}","templated":true}]}}