{"id":9627,"date":"2020-04-20T17:24:39","date_gmt":"2020-04-20T15:24:39","guid":{"rendered":"http:\/\/agora.xtec.cat\/ceipramonestadella\/?p=9627"},"modified":"2020-04-20T17:25:46","modified_gmt":"2020-04-20T15:25:46","slug":"activitats-de-confinament-p4-del-14-al-19-dabril","status":"publish","type":"post","link":"https:\/\/agora.xtec.cat\/ceipramonestadella\/general\/activitats-de-confinament-p4-del-14-al-19-dabril\/","title":{"rendered":"ACTIVITATS DE CONFINAMENT P4 &#8211; DEL 14 AL 19 D&#8217;ABRIL"},"content":{"rendered":"<p><strong>HOLA FAM\u00cdLIES!<\/strong> Seguim amb el ritme &#8220;non stop&#8221;. Aquesta setmana vam proposar de fer &#8220;<strong><span style=\"color: #ff0000;\">LA<\/span> <span style=\"color: #008000;\">CAIXA<\/span> <span style=\"color: #ff00ff;\">DE<\/span> <span style=\"color: #00ffff;\">LES<\/span> <span style=\"color: #ff6600;\">COSES<\/span> <span style=\"color: #800080;\">BONIQUES<\/span><\/strong>&#8221; i pel que sembla us heu motivat molt\u00edssim, ja que heu fet unes caixes super boniques i molt treballades. Segur que hi podreu guardar un munt de paraules, frases, dibuixos, maualitats&#8230;&#8230;. de tots aquests dies que ens queden de confinament. Aix\u00ed a la tornada poder-nos explicar com ho heu fet per gaudir de bons moments en aquesta situaci\u00f3 tan complicada. <strong>Ja tinc ganes de veure tots aquests tresors!!!<\/strong><\/p>\n<p>Tamb\u00e9 heu estat enviant altres activitats que feu i les he penjat al mateix lloc, aix\u00f2 \u00e9s genial! M&#8217;encanta!!!!!<\/p>\n<p>Aqu\u00ed us deixo l&#8217;<a href=\"https:\/\/photos.app.goo.gl\/pMTiNz8daiAT7a4Z6\">enlla\u00e7 amb totes les imatges<\/a>. <strong>US ANIMO A SEGUIR OMPLINT-LES!!!!<\/strong><\/p>\n<p>Jo tamb\u00e9 m&#8217;hi guardar\u00e9 tot de coses boniques a la meva.<\/p>\n<p><a href=\"https:\/\/agora.xtec.cat\/ceipramonestadella\/wp-content\/uploads\/usu385\/2020\/04\/judit-foto.jpg\"><img loading=\"lazy\" decoding=\"async\" class=\"wp-image-9628 aligncenter\" src=\"https:\/\/agora.xtec.cat\/ceipramonestadella\/wp-content\/uploads\/usu385\/2020\/04\/judit-foto-300x189.jpg\" alt=\"\" width=\"523\" height=\"329\" srcset=\"https:\/\/agora.xtec.cat\/ceipramonestadella\/wp-content\/uploads\/usu385\/2020\/04\/judit-foto-300x189.jpg 300w, https:\/\/agora.xtec.cat\/ceipramonestadella\/wp-content\/uploads\/usu385\/2020\/04\/judit-foto-768x483.jpg 768w, https:\/\/agora.xtec.cat\/ceipramonestadella\/wp-content\/uploads\/usu385\/2020\/04\/judit-foto-1024x645.jpg 1024w, https:\/\/agora.xtec.cat\/ceipramonestadella\/wp-content\/uploads\/usu385\/2020\/04\/judit-foto.jpg 1452w\" sizes=\"auto, (max-width: 523px) 100vw, 523px\" \/><\/a><\/p>\n<p>&nbsp;<\/p>\n<h2 style=\"text-align: center;\">ESPERO RETROBAR-NOS BEN AVIAT!!!!!<\/h2>\n<h2 style=\"text-align: center;\">ABRA\u00c7ADES I PETONS PER TOTHOM!!!!!!!!!!!<\/h2>\n<h2 style=\"text-align: center;\"><\/h2>\n","protected":false},"excerpt":{"rendered":"<p>HOLA FAM\u00cdLIES! Seguim amb el ritme &#8220;non stop&#8221;. Aquesta setmana vam proposar de fer &#8220;LA CAIXA DE LES COSES BONIQUES&#8221; i pel que sembla us heu motivat molt\u00edssim, ja que heu fet unes caixes super boniques i molt treballades. Segur que hi podreu guardar un&hellip;  <a href=\"https:\/\/agora.xtec.cat\/ceipramonestadella\/general\/activitats-de-confinament-p4-del-14-al-19-dabril\/\" title=\"Read ACTIVITATS DE CONFINAMENT P4 &#8211; DEL 14 AL 19 D&#8217;ABRIL\">Llegeix m\u00e9s\u00bb<\/a><\/p>\n","protected":false},"author":9,"featured_media":0,"comment_status":"open","ping_status":"closed","sticky":false,"template":"","format":"standard","meta":{"_bbp_topic_count":0,"_bbp_reply_count":0,"_bbp_total_topic_count":0,"_bbp_total_reply_count":0,"_bbp_voice_count":0,"_bbp_anonymous_reply_count":0,"_bbp_topic_count_hidden":0,"_bbp_reply_count_hidden":0,"_bbp_forum_subforum_count":0,"footnotes":""},"categories":[246,401,1,251],"tags":[843,910,72,391,411],"class_list":["post-9627","post","type-post","status-publish","format-standard","hentry","category-educacio-infantil","category-educacio-infantil-2","category-general","category-p4","tag-joemquedoacasa","tag-totanirabe","tag-educacio-infantil","tag-general","tag-p4"],"post_mailing_queue_ids":[],"_links":{"self":[{"href":"https:\/\/agora.xtec.cat\/ceipramonestadella\/wp-json\/wp\/v2\/posts\/9627","targetHints":{"allow":["GET"]}}],"collection":[{"href":"https:\/\/agora.xtec.cat\/ceipramonestadella\/wp-json\/wp\/v2\/posts"}],"about":[{"href":"https:\/\/agora.xtec.cat\/ceipramonestadella\/wp-json\/wp\/v2\/types\/post"}],"author":[{"embeddable":true,"href":"https:\/\/agora.xtec.cat\/ceipramonestadella\/wp-json\/wp\/v2\/users\/9"}],"replies":[{"embeddable":true,"href":"https:\/\/agora.xtec.cat\/ceipramonestadella\/wp-json\/wp\/v2\/comments?post=9627"}],"version-history":[{"count":3,"href":"https:\/\/agora.xtec.cat\/ceipramonestadella\/wp-json\/wp\/v2\/posts\/9627\/revisions"}],"predecessor-version":[{"id":9631,"href":"https:\/\/agora.xtec.cat\/ceipramonestadella\/wp-json\/wp\/v2\/posts\/9627\/revisions\/9631"}],"wp:attachment":[{"href":"https:\/\/agora.xtec.cat\/ceipramonestadella\/wp-json\/wp\/v2\/media?parent=9627"}],"wp:term":[{"taxonomy":"category","embeddable":true,"href":"https:\/\/agora.xtec.cat\/ceipramonestadella\/wp-json\/wp\/v2\/categories?post=9627"},{"taxonomy":"post_tag","embeddable":true,"href":"https:\/\/agora.xtec.cat\/ceipramonestadella\/wp-json\/wp\/v2\/tags?post=9627"}],"curies":[{"name":"wp","href":"https:\/\/api.w.org\/{rel}","templated":true}]}}